{"id":1055749,"date":"2026-05-29T22:41:25","date_gmt":"2026-05-29T22:41:25","guid":{"rendered":"https:\/\/www.europesays.com\/de\/1055749\/"},"modified":"2026-05-29T22:41:25","modified_gmt":"2026-05-29T22:41:25","slug":"maximiliansau-verkehrsunfall-mit-schwerverletzten-personen","status":"publish","type":"post","link":"https:\/\/www.europesays.com\/de\/1055749\/","title":{"rendered":"Maximiliansau &#8211; Verkehrsunfall mit schwerverletzten Personen"},"content":{"rendered":"<p><img loading=\"lazy\" decoding=\"async\" src=\"https:\/\/www.europesays.com\/de\/wp-content\/uploads\/2026\/05\/10.jpg\" alt=\"10\" width=\"500\" height=\"279\" class=\"alignnone size-full wp-image-639356\"\/>W\u00f6rth-Maximiliansau\/Kreis Germersheim\/Metropolregion Rhein-Neckar. Am 29.05.2026, gegen 07:56 Uhr, befuhren ein unbekannter Rollerfahrer, eine 34-j\u00e4hrige PKW-Fahrerin und ein 17-j\u00e4hriger Motorradfahrer mit 17-j\u00e4hriger Sozia die Pfortzer Stra\u00dfe in Maximiliansau. Da der Rollerfahrer nach links abbiegen wollte und hierzu verkehrsbedingt anhalten musste, musste die dahinter befindliche PKW-Fahrerin ebenfalls abbremsen. Der dahinter befindliche Motorradfahrer hielt nicht den erforderlichen Mindestabstand ein und touchierte zuerst den vorausfahrenden PKW und lenkte anschlie\u00dfend in seiner Ausweichbewegung in den Gegenverkehr, wo er mit dem entgegenkommenden PKW zusammenstie\u00df und st\u00fcrzte. Sowohl Der 17-j\u00e4hrige Mottorradfahrer als auch die 17-j\u00e4hrige Sozia wurden hierbei schwerverletzt und wurden in die umliegenden Krankenh\u00e4user verbracht. An dem vorausfahrenden PKW und dem entgegenkommenden PKW entstand Sachschaden Das Motorrad erlitt Totalschaden. Die Gesamtschadensh\u00f6he d\u00fcrfte sich auf 11.000,- EUR belaufen.<\/p>\n<p>Quelle<br \/>Polizeidirektion Landau<br \/>Polizeiinspektion W\u00f6rth<\/p>\n<p class=\"post-modified-info\">Zuletzt aktualisiert am 29. Mai 2026, 13:50<\/p>\n","protected":false},"excerpt":{"rendered":"W\u00f6rth-Maximiliansau\/Kreis Germersheim\/Metropolregion Rhein-Neckar. Am 29.05.2026, gegen 07:56 Uhr, befuhren ein unbekannter Rollerfahrer, eine 34-j\u00e4hrige PKW-Fahrerin und ein 17-j\u00e4hriger&hellip;\n","protected":false},"author":2,"featured_media":1055750,"comment_status":"","ping_status":"","sticky":false,"template":"","format":"standard","meta":{"footnotes":"","_share_on_mastodon":"0"},"categories":[1844],"tags":[31143,1634,3364,29,6850,30,16534,8903,7739,39550,16535,25488,25489,9959,6389,14480,23148,1892,67758,5206,28951,46839,13122,15521,3260,26148],"class_list":["post-1055749","post","type-post","status-publish","format-standard","has-post-thumbnail","category-karlsruhe","tag-31143","tag-baden-wuerttemberg","tag-de","tag-deutschland","tag-fahrerin","tag-germany","tag-germersheim","tag-karlsruhe","tag-kreis","tag-kreis-germersheim","tag-landau","tag-metropolregion","tag-metropolregion-rhein-neckar","tag-motorrad","tag-motorradfahrer","tag-neckar","tag-personen","tag-pkw","tag-polizeidirektion-landau","tag-rhein","tag-rhein-neckar","tag-rollerfahrer","tag-sachschaden","tag-totalschaden","tag-verkehrsunfall","tag-woerth"],"share_on_mastodon":{"url":"https:\/\/pubeurope.com\/@de\/116660279018625073","error":""},"_links":{"self":[{"href":"https:\/\/www.europesays.com\/de\/wp-json\/wp\/v2\/posts\/1055749","targetHints":{"allow":["GET"]}}],"collection":[{"href":"https:\/\/www.europesays.com\/de\/wp-json\/wp\/v2\/posts"}],"about":[{"href":"https:\/\/www.europesays.com\/de\/wp-json\/wp\/v2\/types\/post"}],"author":[{"embeddable":true,"href":"https:\/\/www.europesays.com\/de\/wp-json\/wp\/v2\/users\/2"}],"replies":[{"embeddable":true,"href":"https:\/\/www.europesays.com\/de\/wp-json\/wp\/v2\/comments?post=1055749"}],"version-history":[{"count":0,"href":"https:\/\/www.europesays.com\/de\/wp-json\/wp\/v2\/posts\/1055749\/revisions"}],"wp:featuredmedia":[{"embeddable":true,"href":"https:\/\/www.europesays.com\/de\/wp-json\/wp\/v2\/media\/1055750"}],"wp:attachment":[{"href":"https:\/\/www.europesays.com\/de\/wp-json\/wp\/v2\/media?parent=1055749"}],"wp:term":[{"taxonomy":"category","embeddable":true,"href":"https:\/\/www.europesays.com\/de\/wp-json\/wp\/v2\/categories?post=1055749"},{"taxonomy":"post_tag","embeddable":true,"href":"https:\/\/www.europesays.com\/de\/wp-json\/wp\/v2\/tags?post=1055749"}],"curies":[{"name":"wp","href":"https:\/\/api.w.org\/{rel}","templated":true}]}}