{"id":1055850,"date":"2026-05-29T23:37:16","date_gmt":"2026-05-29T23:37:16","guid":{"rendered":"https:\/\/www.europesays.com\/de\/1055850\/"},"modified":"2026-05-29T23:37:16","modified_gmt":"2026-05-29T23:37:16","slug":"verleihung-in-berlin-deutscher-filmpreis-geht-an-in-die-sonne-schauen","status":"publish","type":"post","link":"https:\/\/www.europesays.com\/de\/1055850\/","title":{"rendered":"Verleihung in Berlin: Deutscher Filmpreis geht an \u201eIn die Sonne schauen\u201c"},"content":{"rendered":"<p>\t\t\t\t\t\t\t\t\t\t\t\t\t\t\t\t\t\t\t\t\t\t\t\t\t\t\t\t      \t\t            \t\t             \t\t\t\t   \t\t\t\t\t   <img decoding=\"async\" id=\"article-image\" fetchpriority=\"high\" alt=\"Verleihung in Berlin: Deutscher Filmpreis geht an \u201eIn die Sonne schauen\u201c\" title=\"Verleihung in Berlin: Deutscher Filmpreis geht an \u201eIn die Sonne schauen\u201c\" src=\"https:\/\/www.europesays.com\/de\/wp-content\/uploads\/2026\/05\/media.media.49178426-0dc9-4668-b7ed-427b12ea59e2.16x9_700.jpg\" data-linkto=\"https:\/\/www.stuttgarter-nachrichten.de\/javascript:void(0);\"\/>\t\t\t\t\t\t\t\t\t\t\t\t\t\t\t\t\t\t\t\t\t\t\t\tDie Produzenten Lucas Schmidt (l-r), Lasse Scharpen \u00b7und Maren Schmitt werden f\u00fcr den Film \u201eIn die Sonne schauen\u201c mit der Goldene Lola geehrt.\u00a0Foto: Christoph Soeder\/dpa\t\t\t<\/p>\n<p>Es ist der gro\u00dfe Abr\u00e4umer des Abends: Das Drama \u201eIn die Sonne schauen\u201c von Mascha Schilinski hat die Goldene Lola gewonnen. Auch Senta Berger und Wim Wenders werden geehrt.<\/p>\n<p>Beim Deutschen Filmpreis hat das Drama \u201eIn die Sonne schauen\u201c von Mascha Schilinski gleich zehn Auszeichnungen gewonnen, darunter die Goldene Lola f\u00fcr den besten Spielfilm. Das gab die Deutsche Filmakademie in Berlin bekannt.<\/p>\n<p>Der Film erz\u00e4hlt von mehreren Frauen, die in unterschiedlichen Zeitebenen auf einem Bauernhof leben, und war auch mit den meisten Nominierungen ins Rennen gegangen. Er wurde unter anderem f\u00fcr die beste Regie, das beste Drehbuch und die beste Nebendarstellerin ausgezeichnet.<\/p>\n<p>Wer noch gewonnen hat <\/p>\n<p>Der Politthriller \u201eGelbe Briefe\u201c von \u0130lker \u00c7atak gewann die Lola in Silber. Der Film erz\u00e4hlt von einem K\u00fcnstlerpaar, das politischen Repressionen ausgesetzt ist. Die Lola in Bronze ging an \u201eAch, diese L\u00fccke, diese entsetzliche L\u00fccke\u201c. Der Film basiert auf dem gleichnamigen Roman von Joachim Meyerhoff. Regie f\u00fchrte Simon Verhoeven, der Sohn von <a href=\"https:\/\/www.stuttgarter-nachrichten.de\/thema\/Senta_Berger\" title=\"Senta Berger\" class=\"art_thema\" rel=\"nofollow noopener\" target=\"_blank\">Senta Berger<\/a>.\u00a0<\/p>\n<p>Die 85-J\u00e4hrige wurde <a href=\"https:\/\/www.stuttgarter-nachrichten.de\/inhalt.beste-hauptdarstellerin-senta-berger-mit-deutschem-filmpreis-ausgezeichnet.c0eaf946-c2f3-4f44-88fe-96538a96e347.html\" target=\"_blank\" rel=\"nofollow noopener\">als beste Hauptdarstellerin<\/a> f\u00fcr ihre Rolle in der Tragikom\u00f6die ausgezeichnet. Sie sei aufgeregt, sagte Berger. \u201eIch bin erst morgen gl\u00fccklich. Heute ist es einfach zu viel.\u201c Bergers Filmpartner Michael Wittenborn wurde als bester Nebendarsteller geehrt.<\/p>\n<p>August Diehl bester Hauptdarsteller <\/p>\n<p>Als bester Hauptdarsteller wurde August Diehl f\u00fcr seine Leistung in \u201eDas Verschwinden des Josef Mengele\u201c ausgezeichnet. \u00c4hnlich wie bei den Oscars in den USA konnten die rund 2.400 Mitglieder der Deutschen Filmakademie \u00fcber viele der Preistr\u00e4gerinnen und Preistr\u00e4ger abstimmen.\u00a0<\/p>\n<p>Zum besten Dokumentarfilm wurde \u201eSiri Hustvedt &#8211; Dance Around the Self\u201c gek\u00fcrt. Die Lola f\u00fcr den besten Kinderfilm ging an \u201eZirkuskind\u201c. Als besucherst\u00e4rkster Film wurde in diesem Jahr \u201eDas Kanu des Manitu\u201c von Michael \u201eBully\u201c Herbig ausgezeichnet.\u00a0Regisseur <a href=\"https:\/\/www.stuttgarter-nachrichten.de\/thema\/Wim_Wenders\" title=\"Wim Wenders\" class=\"art_thema\" rel=\"nofollow noopener\" target=\"_blank\">Wim Wenders<\/a> (\u201ePerfect Days\u201c, \u201eParis, Texas\u201c) erhielt f\u00fcr seine Verdienste um den deutschen Film den Ehrenpreis. <\/p>\n<p>Zur Gala am Berliner Funkturm waren rund 1.900 G\u00e4ste geladen, darunter war auch Kulturstaatsminister Wolfram Weimer (parteilos). Moderator Christian Friedel kommentierte mit Seitenhieben unter anderem die kulturpolitischen Debatten der vergangenen Monate. Die Akademiechefs Florian Gallenberger und Vicky Krieps riefen zum Zusammenhalt auf. Kultur verbinde und sei ein Raum, in dem alle Platz h\u00e4tten, sagte Gallenberger. Kultur helfe auch gegen die AfD und sie widersetze sich jeder Bevormundung. <\/p>\n","protected":false},"excerpt":{"rendered":"Die Produzenten Lucas Schmidt (l-r), Lasse Scharpen \u00b7und Maren Schmitt werden f\u00fcr den Film \u201eIn die Sonne schauen\u201c&hellip;\n","protected":false},"author":2,"featured_media":1055851,"comment_status":"","ping_status":"","sticky":false,"template":"","format":"standard","meta":{"footnotes":"","_share_on_mastodon":"0"},"categories":[1825],"tags":[99652,296,33247,29,30,17857,1974,33013,51249,31340],"class_list":["post-1055850","post","type-post","status-publish","format-standard","has-post-thumbnail","category-berlin","tag-in-die-sonne-schauen","tag-berlin","tag-deutscher-filmpreis","tag-deutschland","tag-germany","tag-gewinner","tag-panorama","tag-senta-berger","tag-verleihung","tag-wim-wenders"],"share_on_mastodon":{"url":"https:\/\/pubeurope.com\/@de\/116660499204319793","error":""},"_links":{"self":[{"href":"https:\/\/www.europesays.com\/de\/wp-json\/wp\/v2\/posts\/1055850","targetHints":{"allow":["GET"]}}],"collection":[{"href":"https:\/\/www.europesays.com\/de\/wp-json\/wp\/v2\/posts"}],"about":[{"href":"https:\/\/www.europesays.com\/de\/wp-json\/wp\/v2\/types\/post"}],"author":[{"embeddable":true,"href":"https:\/\/www.europesays.com\/de\/wp-json\/wp\/v2\/users\/2"}],"replies":[{"embeddable":true,"href":"https:\/\/www.europesays.com\/de\/wp-json\/wp\/v2\/comments?post=1055850"}],"version-history":[{"count":0,"href":"https:\/\/www.europesays.com\/de\/wp-json\/wp\/v2\/posts\/1055850\/revisions"}],"wp:featuredmedia":[{"embeddable":true,"href":"https:\/\/www.europesays.com\/de\/wp-json\/wp\/v2\/media\/1055851"}],"wp:attachment":[{"href":"https:\/\/www.europesays.com\/de\/wp-json\/wp\/v2\/media?parent=1055850"}],"wp:term":[{"taxonomy":"category","embeddable":true,"href":"https:\/\/www.europesays.com\/de\/wp-json\/wp\/v2\/categories?post=1055850"},{"taxonomy":"post_tag","embeddable":true,"href":"https:\/\/www.europesays.com\/de\/wp-json\/wp\/v2\/tags?post=1055850"}],"curies":[{"name":"wp","href":"https:\/\/api.w.org\/{rel}","templated":true}]}}