{"id":1055865,"date":"2026-05-29T23:47:18","date_gmt":"2026-05-29T23:47:18","guid":{"rendered":"https:\/\/www.europesays.com\/de\/1055865\/"},"modified":"2026-05-29T23:47:18","modified_gmt":"2026-05-29T23:47:18","slug":"lets-dance-2026-willi-banner-mit-gips-im-finale-das-steckt-dahinter","status":"publish","type":"post","link":"https:\/\/www.europesays.com\/de\/1055865\/","title":{"rendered":"Let\u2019s Dance 2026: Willi Banner mit Gips im Finale! DAS steckt dahinter"},"content":{"rendered":"<p class=\"AnnotatedMarkup_paragraph__IUT9l\"><strong>Wer tritt in Diego Pooths Fu\u00dfstapfen?<\/strong><br \/>Der goldene Tanzpokal wartet auf einen neuen Besitzer und 14 Promis geben ab dem 27. Februar alles daf\u00fcr, ihn zu ergattern! Ab jetzt wird wieder t\u00e4glich trainiert, geschwitzt, geflucht, geweint und gejubelt. Wer ertanzt die ersten 30 Punkte? Wer w\u00e4chst auf der Tanzfl\u00e4che \u00fcber sich hinaus? Was passiert eigentlich neben dem Parkett? Und wer steht am Ende auf dem Treppchen? Hier in unserem Ticker seid ihr rund um die Uhr informiert.<\/p>\n<p>Ab jetzt steht der Freitagabend wieder im Zeichen von \u201eLet\u2019s Dance\u201d! Jeden Freitag seht ihr unsere Promis und Profis ab 20.15 Uhr auf Deutschlands ber\u00fchmtesten Tanzparkett. Parallel zur TV-Ausstrahlung k\u00f6nnt ihr <a href=\"https:\/\/plus.rtl.de\/video-tv\/live-tv\/rtl-1?utm_campaign=hauptnavi%2F&amp;utm_medium=owned&amp;utm_source=rtl\" target=\"_blank\" rel=\"nofollow noopener\">im Stream auf RTL+ mitfiebern<\/a> und euch die Shows hier <a href=\"https:\/\/plus.rtl.de\/video-tv\/shows\/lets-dance-145232?utm_source=rtl&amp;utm_content=30398965&amp;utm_medium=owned&amp;utm_campaign=textlink&amp;utm_term=lets-dance\" target=\"_blank\" rel=\"nofollow noopener\">nat\u00fcrlich auch nachtr\u00e4glich anschauen. <\/a><\/p>\n","protected":false},"excerpt":{"rendered":"Wer tritt in Diego Pooths Fu\u00dfstapfen?Der goldene Tanzpokal wartet auf einen neuen Besitzer und 14 Promis geben ab&hellip;\n","protected":false},"author":2,"featured_media":1055866,"comment_status":"","ping_status":"","sticky":false,"template":"","format":"standard","meta":{"footnotes":"","_share_on_mastodon":"0"},"categories":[155],"tags":[3537,29,214,30,639,171330,171329,641,684,215,3538],"class_list":["post-1055865","post","type-post","status-publish","format-standard","has-post-thumbnail","category-unterhaltung","tag-daniel-hartwich","tag-deutschland","tag-entertainment","tag-germany","tag-lets-dance","tag-lets-dance-19-staffel","tag-lets-dance-2026","tag-tanzshow","tag-tv","tag-unterhaltung","tag-victoria-swarovski"],"share_on_mastodon":{"url":"","error":""},"_links":{"self":[{"href":"https:\/\/www.europesays.com\/de\/wp-json\/wp\/v2\/posts\/1055865","targetHints":{"allow":["GET"]}}],"collection":[{"href":"https:\/\/www.europesays.com\/de\/wp-json\/wp\/v2\/posts"}],"about":[{"href":"https:\/\/www.europesays.com\/de\/wp-json\/wp\/v2\/types\/post"}],"author":[{"embeddable":true,"href":"https:\/\/www.europesays.com\/de\/wp-json\/wp\/v2\/users\/2"}],"replies":[{"embeddable":true,"href":"https:\/\/www.europesays.com\/de\/wp-json\/wp\/v2\/comments?post=1055865"}],"version-history":[{"count":0,"href":"https:\/\/www.europesays.com\/de\/wp-json\/wp\/v2\/posts\/1055865\/revisions"}],"wp:featuredmedia":[{"embeddable":true,"href":"https:\/\/www.europesays.com\/de\/wp-json\/wp\/v2\/media\/1055866"}],"wp:attachment":[{"href":"https:\/\/www.europesays.com\/de\/wp-json\/wp\/v2\/media?parent=1055865"}],"wp:term":[{"taxonomy":"category","embeddable":true,"href":"https:\/\/www.europesays.com\/de\/wp-json\/wp\/v2\/categories?post=1055865"},{"taxonomy":"post_tag","embeddable":true,"href":"https:\/\/www.europesays.com\/de\/wp-json\/wp\/v2\/tags?post=1055865"}],"curies":[{"name":"wp","href":"https:\/\/api.w.org\/{rel}","templated":true}]}}