{"id":1055872,"date":"2026-05-29T23:51:17","date_gmt":"2026-05-29T23:51:17","guid":{"rendered":"https:\/\/www.europesays.com\/de\/1055872\/"},"modified":"2026-05-29T23:51:17","modified_gmt":"2026-05-29T23:51:17","slug":"berliner-staatssekretaer-hundt-zieht-ruecktrittsgesuch-zurueck","status":"publish","type":"post","link":"https:\/\/www.europesays.com\/de\/1055872\/","title":{"rendered":"Berliner Staatssekret\u00e4r Hundt zieht R\u00fccktrittsgesuch zur\u00fcck"},"content":{"rendered":"<p>Berliner Senatspolitik <\/p>\n<p>Staatssekret\u00e4r zieht R\u00fccktrittsgesuch zur\u00fcck<\/p>\n<p>29.05.2026 &#8211; 23:08 UhrLesedauer: 2 Min.<\/p>\n<p><a href=\"#focus-0\" class=\"transition-colors duration-200 block text-current relative\" data-sctrack=\"FocusGalleryImage.Reference\"><img fetchpriority=\"high\" data-testid=\"Opener.Image\"   loading=\"eager\" src=\"https:\/\/www.europesays.com\/de\/wp-content\/uploads\/2026\/05\/matthias-hundt-l-mit-buergermeister-kai-wegner-er-spricht-von-einer-kampagne-gegen-seine-person.jpg\" alt=\"Matthias Hundt (l) mit B\u00fcrgermeister Kai Wegner: Er spricht von einer Kampagne gegen seine Person.\" title=\"Matthias Hundt (l) mit B\u00fcrgermeister Kai Wegner: Er spricht von einer Kampagne gegen seine Person.\" width=\"1114\" height=\"627\" class=\"bg-[url:var(--lqipURL)] bg-cover bg-center flex h-full w-full max-w-full\" style=\"--lqipURL:url('https:\/\/images.t-online.de\/2026\/05\/jlvs7Jm7eQ9I\/6x100:1114x627\/fit-in\/150x0\/filters:blur(25)\/matthias-hundt-l-mit-buergermeister-kai-wegner-er-spricht-von-einer-kampagne-gegen-seine-person.jpg')\" decoding=\"async\"\/><img loading=\"lazy\" src=\"https:\/\/www.t-online.de\/s\/paper\/_next\/static\/media\/zoom-in.f7dae02f.svg\" alt=\"Vergr\u00f6\u00dfern des Bildes\" title=\"Vergr\u00f6\u00dfern des Bildes\" class=\"block h-[calc(var(--height)_\/_16_*_1rem)] w-[calc(var(--width)_\/_16_*_1rem)] max-w-none absolute bottom-8 right-8 rounded-4 bg-snow p-8\" style=\"--width:32;--height:32\" decoding=\"async\"\/><\/a><\/p>\n<p>Matthias Hundt (l) mit B\u00fcrgermeister Kai Wegner: Er spricht von einer Kampagne gegen seine Person. (Quelle: Stadt Berlin)<\/p>\n<p><img loading=\"lazy\" src=\"https:\/\/www.t-online.de\/s\/paper\/_next\/static\/media\/audio-volume.6689034c.svg\" alt=\"\" title=\"\" class=\"block h-[calc(var(--height)_\/_16_*_1rem)] w-[calc(var(--width)_\/_16_*_1rem)] max-w-none group-hover:brightness-0 group-hover:invert\" style=\"--width:16;--height:16\" decoding=\"async\"\/>Vorlesen<\/p>\n<p>Aktuelle Zeit:0:00Gesamtdauer:0:00<\/p>\n<p>1x<\/p>\n<p class=\"text-center\">Jetzt neu bei t-online:<\/p>\n<p class=\"text-center\">Schriftgr\u00f6\u00dfe anpassen!<\/p>\n<p><img loading=\"lazy\" src=\"https:\/\/www.t-online.de\/s\/paper\/_next\/static\/media\/font-sizes.32942e33.svg\" alt=\"\" title=\"\" class=\"block h-[calc(var(--height)_\/_16_*_1rem)] w-[calc(var(--width)_\/_16_*_1rem)] max-w-none group-hover:hidden group-aria-expanded:hidden\" style=\"--width:16;--height:16\" decoding=\"async\"\/><img loading=\"lazy\" src=\"https:\/\/www.t-online.de\/s\/paper\/_next\/static\/media\/font-sizes-dark-mode.e382645c.svg\" alt=\"\" title=\"\" class=\"block h-[calc(var(--height)_\/_16_*_1rem)] w-[calc(var(--width)_\/_16_*_1rem)] max-w-none hidden group-hover:block group-aria-expanded:block\" style=\"--width:16;--height:16\" decoding=\"async\"\/><img loading=\"lazy\" src=\"https:\/\/www.t-online.de\/s\/paper\/_next\/static\/media\/sharing-menu-icon.1eb71368.svg\" alt=\"\" title=\"\" class=\"block h-[calc(var(--height)_\/_16_*_1rem)] w-[calc(var(--width)_\/_16_*_1rem)] max-w-none group-hover:brightness-0 group-hover:invert\" style=\"--width:16;--height:16\" decoding=\"async\"\/>Artikel teilen<\/p>\n<p class=\"font-bold text-18 leading-17 user-text-lg:text-22 user-text-xl:text-24\">Erst k\u00fcndigte er seinen Abgang an, nun macht Berlins Digitalisierungsstaatssekret\u00e4r Matthias Hundt eine Kehrtwende. Sein Anwalt nennt zwei Gr\u00fcnde.<\/p>\n<p class=\"text-18 leading-17 user-text-lg:text-22 user-text-xl:text-24\">Matthias Hundt hat seine Bitte um Entlassung als Berliner Staatssekret\u00e4r f\u00fcr <a class=\"transition-colors duration-200 cursor-pointer text-inherit no-underline text-salemsfur md:hover:text-magenta md:hover:border-magenta md:focus:text-magenta border-current border-b border-solid break-words\" data-tracking=\"{&quot;action&quot;:&quot;click&quot;,&quot;category&quot;:&quot;intextLink&quot;,&quot;label&quot;:&quot;\/themen\/digitalisierung\/&quot;}\" href=\"https:\/\/www.t-online.de\/themen\/digitalisierung\/\" data-sctrack=\"BodyAnchor\" rel=\"nofollow noopener\" target=\"_blank\">Digitalisierung<\/a> zur\u00fcckgezogen. Das teilte sein Medienanwalt Ralf H\u00f6cker mit, wie der &#8222;Tagesspiegel&#8220; berichtet. Erst am Dienstag hatte Hundt erkl\u00e4rt, er wolle den Regierenden B\u00fcrgermeister <a class=\"transition-colors duration-200 cursor-pointer text-inherit no-underline text-salemsfur md:hover:text-magenta md:hover:border-magenta md:focus:text-magenta border-current border-b border-solid break-words\" data-tracking=\"{&quot;action&quot;:&quot;click&quot;,&quot;category&quot;:&quot;intextLink&quot;,&quot;label&quot;:&quot;\/themen\/kai-wegner\/&quot;}\" href=\"https:\/\/www.t-online.de\/themen\/kai-wegner\/\" data-sctrack=\"BodyAnchor\" rel=\"nofollow noopener\" target=\"_blank\">Kai Wegner<\/a> um seine Entbindung von den Aufgaben bitten.<\/p>\n<p class=\"text-18 leading-17 user-text-lg:text-22 user-text-xl:text-24\">Anwalt H\u00f6cker begr\u00fcndete die Kehrtwende mit zwei Punkten. Zum einen habe sich Hundt \u00fcber ein Ger\u00fccht ge\u00e4rgert, das seiner Einsch\u00e4tzung nach gezielt gestreut worden sei: &#8222;Mein Mandant bittet aus zwei Gr\u00fcnden nicht mehr um seine Entlassung: Zum einen hat er sich sehr \u00fcber das offensichtlich gezielt gestreute Ger\u00fccht ge\u00e4rgert, er sei mit seinem angek\u00fcndigten R\u00fccktrittsangebot lediglich seiner Entlassung zuvorgekommen. Der Mandant hatte die Erwartung, dass die mediale Kampagne gegen ihn mit seinem R\u00fccktrittsangebot ein Ende haben w\u00fcrde. Diese Hoffnung wurde leider entt\u00e4uscht.&#8220;<\/p>\n<ul class=\"text-18 leading-17 block pl-24 *:pb-16 *:before:inline-block *:before:size-8 *:before:bg-magenta *:before:-ml-[20px] *:before:mb-2 *:before:mr-12 *:before:mt-0\">\n<li><strong class=\"font-bold\">Vorw\u00fcrfe:<\/strong> <a class=\"transition-colors duration-200 cursor-pointer text-inherit no-underline text-salemsfur md:hover:text-magenta md:hover:border-magenta md:focus:text-magenta border-current border-b border-solid break-words\" data-tracking=\"{&quot;action&quot;:&quot;click&quot;,&quot;category&quot;:&quot;intextLink&quot;,&quot;label&quot;:&quot;\/nachrichten\/deutschland\/innenpolitik\/id_101270340\/insolvenzen-berliner-staatssekretaer-matthias-hundt-tritt-zurueck.html&quot;}\" href=\"https:\/\/www.t-online.de\/nachrichten\/deutschland\/innenpolitik\/id_101270340\/insolvenzen-berliner-staatssekretaer-matthias-hundt-tritt-zurueck.html\" data-sctrack=\"BodyAnchor\" rel=\"nofollow noopener\" target=\"_blank\">Berliner Politiker tritt nach wenigen Wochen schon wieder zur\u00fcck<\/a><\/li>\n<\/ul>\n<p>Anwalt: Vorw\u00fcrfe sind haltlos<\/p>\n<p class=\"text-18 leading-17 user-text-lg:text-22 user-text-xl:text-24\">Vor allem aber seien die gegen Hundt erhobenen Vorw\u00fcrfe haltlos, so der Anwalt weiter: &#8222;F\u00fcr die SDC Sachsen Digital Consulting GmbH findet nun eine Betriebspr\u00fcfung der Deutschen <a class=\"transition-colors duration-200 cursor-pointer text-inherit no-underline text-salemsfur md:hover:text-magenta md:hover:border-magenta md:focus:text-magenta border-current border-b border-solid break-words\" data-tracking=\"{&quot;action&quot;:&quot;click&quot;,&quot;category&quot;:&quot;intextLink&quot;,&quot;label&quot;:&quot;\/themen\/rentenversicherung\/&quot;}\" href=\"https:\/\/www.t-online.de\/themen\/rentenversicherung\/\" data-sctrack=\"BodyAnchor\" rel=\"nofollow noopener\" target=\"_blank\">Rentenversicherung<\/a> Bund statt, um zu kl\u00e4ren, ob \u00fcberhaupt offene Beitragsforderungen bestehen. F\u00fcr die <a class=\"transition-colors duration-200 cursor-pointer text-inherit no-underline text-salemsfur md:hover:text-magenta md:hover:border-magenta md:focus:text-magenta border-current border-b border-solid break-words\" data-tracking=\"{&quot;action&quot;:&quot;click&quot;,&quot;category&quot;:&quot;intextLink&quot;,&quot;label&quot;:&quot;\/themen\/insolvenz\/&quot;}\" href=\"https:\/\/www.t-online.de\/themen\/insolvenz\/\" data-sctrack=\"BodyAnchor\" rel=\"nofollow noopener\" target=\"_blank\">Insolvenz<\/a> der Humboldt Capture Germany GmbH tr\u00e4gt der Mandant keine Verantwortung. Er war dort nie Gesellschafter, sondern nur Fremdgesch\u00e4ftsf\u00fchrer und das auch nur bis Herbst 2024.&#8220;<\/p>\n<p class=\"text-18 leading-17 user-text-lg:text-22 user-text-xl:text-24\">Hintergrund der Vorw\u00fcrfe sind Recherchen von MDR und RBB, wonach die Staatsanwaltschaft <a class=\"transition-colors duration-200 cursor-pointer text-inherit no-underline text-salemsfur md:hover:text-magenta md:hover:border-magenta md:focus:text-magenta border-current border-b border-solid break-words\" data-tracking=\"{&quot;action&quot;:&quot;click&quot;,&quot;category&quot;:&quot;intextLink&quot;,&quot;label&quot;:&quot;https:\/\/dresden.t-online.de\/region\/dresden\/&quot;}\" href=\"https:\/\/dresden.t-online.de\/region\/dresden\/\" data-sctrack=\"BodyAnchor\" rel=\"nofollow noopener\" target=\"_blank\">Dresden<\/a> im Zusammenhang mit der Insolvenz einer Firma Hundts ermittelt. Laut Staatsanwaltschaft Dresden wurde am 25. November 2025 ein Insolvenzverfahren \u00fcber das Verm\u00f6gen seiner Beratungsfirma SDC Sachsen Digital Consulting GmbH er\u00f6ffnet.<\/p>\n<p class=\"text-18 leading-17 user-text-lg:text-22 user-text-xl:text-24\">Hundt, Jahrgang 1969 und geb\u00fcrtiger Dresdner, war Mitte M\u00e4rz als Chief Digital Officer und Staatssekret\u00e4r f\u00fcr Digitalisierung und Verwaltungsmodernisierung in die Berliner Senatskanzlei gewechselt. Er trat die Nachfolge von Martina Klement an, die als Wirtschaftsministerin in die Brandenburger Landesregierung wechselte. Wegen der Personalie Hundt hatte Wegner Kritik von <a class=\"transition-colors duration-200 cursor-pointer text-inherit no-underline text-salemsfur md:hover:text-magenta md:hover:border-magenta md:focus:text-magenta border-current border-b border-solid break-words\" data-tracking=\"{&quot;action&quot;:&quot;click&quot;,&quot;category&quot;:&quot;intextLink&quot;,&quot;label&quot;:&quot;\/themen\/spd\/&quot;}\" href=\"https:\/\/www.t-online.de\/themen\/spd\/\" data-sctrack=\"BodyAnchor\" rel=\"nofollow noopener\" target=\"_blank\">SPD<\/a> und Gr\u00fcnen auf sich gezogen.<\/p>\n<p class=\"text-18 leading-17 user-text-lg:text-22 user-text-xl:text-24\">Die Berliner Senatskanzlei \u00e4u\u00dferte sich zun\u00e4chst nicht zu Hundts Sinneswandel. Bereits am Mittwoch hatte sie mitgeteilt, Florian Hauer werde Hundts Aufgaben zus\u00e4tzlich zu seinen bisherigen T\u00e4tigkeiten als Bevollm\u00e4chtigter des Landes <a class=\"transition-colors duration-200 cursor-pointer text-inherit no-underline text-salemsfur md:hover:text-magenta md:hover:border-magenta md:focus:text-magenta border-current border-b border-solid break-words\" data-tracking=\"{&quot;action&quot;:&quot;click&quot;,&quot;category&quot;:&quot;intextLink&quot;,&quot;label&quot;:&quot;https:\/\/berlin.t-online.de\/region\/berlin\/&quot;}\" href=\"https:\/\/berlin.t-online.de\/region\/berlin\/\" data-sctrack=\"BodyAnchor\" rel=\"nofollow noopener\" target=\"_blank\">Berlin<\/a> beim Bund und Staatssekret\u00e4r f\u00fcr Bundes- und Europaangelegenheiten \u00fcbernehmen.<\/p>\n","protected":false},"excerpt":{"rendered":"Berliner Senatspolitik Staatssekret\u00e4r zieht R\u00fccktrittsgesuch zur\u00fcck 29.05.2026 &#8211; 23:08 UhrLesedauer: 2 Min. Matthias Hundt (l) mit B\u00fcrgermeister Kai&hellip;\n","protected":false},"author":2,"featured_media":1055873,"comment_status":"","ping_status":"","sticky":false,"template":"","format":"standard","meta":{"footnotes":"","_share_on_mastodon":"0"},"categories":[2],"tags":[722,1217,17161,296,68622,29,1081,30,13,1551,2384,22819,224178,14,15,225580,184519,12,225579,43707,8635,10,8,9,11],"class_list":["post-1055872","post","type-post","status-publish","format-standard","has-post-thumbnail","category-deutschland","tag-722","tag-1217","tag-17161","tag-berlin","tag-consulting","tag-deutschland","tag-digitalisierung","tag-germany","tag-headlines","tag-insolvenz","tag-kai-wegner","tag-kehrtwende","tag-matthias-hundt","tag-nachrichten","tag-news","tag-ralf-hoecker","tag-ruecktrittsgesuch","tag-schlagzeilen","tag-senatspolitik","tag-staatsanwaltschaft-dresden","tag-tagesspiegel","tag-top-news","tag-top-meldungen","tag-topmeldungen","tag-topnews"],"share_on_mastodon":{"url":"","error":""},"_links":{"self":[{"href":"https:\/\/www.europesays.com\/de\/wp-json\/wp\/v2\/posts\/1055872","targetHints":{"allow":["GET"]}}],"collection":[{"href":"https:\/\/www.europesays.com\/de\/wp-json\/wp\/v2\/posts"}],"about":[{"href":"https:\/\/www.europesays.com\/de\/wp-json\/wp\/v2\/types\/post"}],"author":[{"embeddable":true,"href":"https:\/\/www.europesays.com\/de\/wp-json\/wp\/v2\/users\/2"}],"replies":[{"embeddable":true,"href":"https:\/\/www.europesays.com\/de\/wp-json\/wp\/v2\/comments?post=1055872"}],"version-history":[{"count":0,"href":"https:\/\/www.europesays.com\/de\/wp-json\/wp\/v2\/posts\/1055872\/revisions"}],"wp:featuredmedia":[{"embeddable":true,"href":"https:\/\/www.europesays.com\/de\/wp-json\/wp\/v2\/media\/1055873"}],"wp:attachment":[{"href":"https:\/\/www.europesays.com\/de\/wp-json\/wp\/v2\/media?parent=1055872"}],"wp:term":[{"taxonomy":"category","embeddable":true,"href":"https:\/\/www.europesays.com\/de\/wp-json\/wp\/v2\/categories?post=1055872"},{"taxonomy":"post_tag","embeddable":true,"href":"https:\/\/www.europesays.com\/de\/wp-json\/wp\/v2\/tags?post=1055872"}],"curies":[{"name":"wp","href":"https:\/\/api.w.org\/{rel}","templated":true}]}}