{"id":1055942,"date":"2026-05-30T00:33:24","date_gmt":"2026-05-30T00:33:24","guid":{"rendered":"https:\/\/www.europesays.com\/de\/1055942\/"},"modified":"2026-05-30T00:33:24","modified_gmt":"2026-05-30T00:33:24","slug":"sport-im-park-und-qr-trainerin-sorgen-fuer-mehr-bewegung-in-hannover","status":"publish","type":"post","link":"https:\/\/www.europesays.com\/de\/1055942\/","title":{"rendered":"\u201eSport im Park\u201c und QR-Trainer:in sorgen f\u00fcr mehr Bewegung in Hannover"},"content":{"rendered":"<p>Ab jetzt hei\u00dft es in Hannover: raus ins Gr\u00fcne und gemeinsam aktiv werden. Mit \u201eSport im Park\u201c und \u201eQR-Trainer:in\u201c sind Ende Mai Hannovers gr\u00f6\u00dfte Sportprojekte gestartet \u2013 kostenlos, vielf\u00e4ltig und voller Bewegung.<\/p>\n<p style=\"text-align: center;\"><strong>Sport im Park \u2013 gemeinsam macht es mehr Spa\u00df<\/strong><\/p>\n<p>Nach einem Rekordsommer 2025 mit rund 40.000 Teilnahmen erwartet Hannoveraner*innen ab jetzt und bis zum 20. September die bislang umfangreichste Saison der Veranstaltungsreihe. Mehr als 1.900 kostenlose Kurse laden dazu ein, Parks, Gr\u00fcnfl\u00e4chen und \u00f6ffentliche Orte in der ganzen Stadt gemeinsam in Bewegungsr\u00e4ume zu verwandeln.<\/p>\n<p>Ob Yoga, Functional Training, Tanz, Fitnesskurse, Teamsport oder Bewegungsangebote f\u00fcr Familien und Senior*innen. Das Programm richtet sich an alle Alters- und Fitnessstufen. Dabei steht \u201eSport im Park\u201c f\u00fcr Offenheit, Vielfalt und niedrigschwellige Teilhabe: Jede*r kann mitmachen \u2013 unabh\u00e4ngig von Alter, Erfahrung oder sportlichem Hintergrund.<\/p>\n<p>Die offizielle Auftaktveranstaltung fand am 26. Mai im <a href=\"https:\/\/www.hannover-entdecken.de\/maschpark\/\" data-internallinksmanager029f6b8e52c=\"3625\" title=\"Maschpark - Historische Parkanlage am Neuen Rathaus Hannover\" rel=\"nofollow noopener\" target=\"_blank\">Maschpark<\/a> statt. \u00dcber 500 Teilnehmende sind im Rahmen von acht verschiedenen Sport- und Bewegungskursen in die neue Saison gestartet. Organisiert wird \u201eSport im Park\u201c vom Fachbereich Sport, B\u00e4der und Eventmanagement der Landeshauptstadt Hannover (LHH) gemeinsam mit zahlreichen Sportvereinen, Einrichtungen und lizensierten \u00dcbungsleiter*innen.<\/p>\n<p>Alle Kursangebote sowie Informationen zur Anmeldung sind online unter<br \/><a href=\"http:\/\/www.sportimpark-hannover.de\" target=\"_blank\" rel=\"noopener nofollow\">www.sportimpark-hannover.de<\/a> zu finden.<\/p>\n<p>QR-TRAINER:IN sorgt f\u00fcr mehr Fitness<\/p>\n<p>Auf sechs \u00fcber das hannoversche Stadtgebiet verteilten Fitnessparcours \u2013 am Sportleistungszentrum, <a href=\"https:\/\/www.hannover-entdecken.de\/haspelfelder-weg-hannover\/\" data-internallinksmanager029f6b8e52c=\"3042\" title=\"Haspelfelder Weg\" rel=\"nofollow noopener\" target=\"_blank\">Haspelfelder Weg<\/a> \/ Hoppenstedtwiese, <a href=\"https:\/\/www.hannover-entdecken.de\/canarisweg-hannover\/\" data-internallinksmanager029f6b8e52c=\"2502\" title=\"Canarisweg\" rel=\"nofollow noopener\" target=\"_blank\">Canarisweg<\/a>, <a href=\"https:\/\/www.hannover-entdecken.de\/tag\/stadtteilzentrum-lister-turm\/\" data-internallinksmanager029f6b8e52c=\"3932\" title=\"Stadtteilzentrum Lister Turm\" rel=\"nofollow noopener\" target=\"_blank\">Lister Turm<\/a>, Gr\u00fcnzug <a href=\"https:\/\/www.hannover-entdecken.de\/vahrenheide\/\" data-internallinksmanager029f6b8e52c=\"3673\" title=\"Stadtteil Vahrenheide\" rel=\"nofollow noopener\" target=\"_blank\">Vahrenheide<\/a> und im Volkspark <a href=\"https:\/\/www.hannover-entdecken.de\/vinnhorst\/\" data-internallinksmanager029f6b8e52c=\"3717\" title=\"Stadtteil Vinnhorst\" rel=\"nofollow noopener\" target=\"_blank\">Vinnhorst<\/a> \u2013 hat die LHH im Rahmen des Projekts \u201eQR-TRAINER:IN\u201c Schilder mit einem speziellen QR-Code installiert.<\/p>\n<p>Dieses in Kooperation mit der \u00f6sterreichischen Firma OUTWORX entstandene Projekt soll allen Menschen die Nutzung der st\u00e4dtischen Fitnessparcours durch individuelle, kostenfreie und sportwissenschaftlich fundierte Workouts erleichtern: Man scannt den QR-Code mit der Smartphone-Kamera und hat sofort den Zugang zu Trainingsprogrammen.<\/p>\n<p>Diese Programme sind standortspezifisch. Das hei\u00dft, sie ber\u00fccksichtigen die Aus\u00adstattung des jeweiligen Fitnessparcours. Neben verschie\u00addenen Trainingskategorien wie Fitness, Fitnessparcours oder Entspannung k\u00f6nnen die Nutzer*innen auch unterschiedliche Schwierigkeitslevel w\u00e4hlen. Dank eines spe\u00adziellen Algorithmus, der bei jedem Scan ein Trainingsprogramm aus mehreren hundert Einzel\u00fcbungen generiert, ist jedes Training einzigartig und abwechslungsreich. Alle Videos enthalten zudem Informationen zur Nutzung der Ger\u00e4te sowie Hinweise zur korrekten \u00dcbungsausf\u00fchrung.<\/p>\n<p>Das Projekt ist zun\u00e4chst auf drei Jahre befristet. Bei erfolgreicher Projektevaluation ist eine Ver\u00adstetigung und Ausweitung anvisiert. \u201eQR-TRAINER:IN\u201c wurde unter anderem in den St\u00e4dten Graz und Linz (\u00d6sterreich) bereits erfolgreich umgesetzt.<\/p>\n","protected":false},"excerpt":{"rendered":"Ab jetzt hei\u00dft es in Hannover: raus ins Gr\u00fcne und gemeinsam aktiv werden. Mit \u201eSport im Park\u201c und&hellip;\n","protected":false},"author":2,"featured_media":1055943,"comment_status":"","ping_status":"","sticky":false,"template":"","format":"standard","meta":{"footnotes":"","_share_on_mastodon":"0"},"categories":[1836],"tags":[3364,29,30,46,77425,1411,10839,10841],"class_list":["post-1055942","post","type-post","status-publish","format-standard","has-post-thumbnail","category-hannover","tag-de","tag-deutschland","tag-germany","tag-hannover","tag-maschpark","tag-niedersachsen","tag-vahrenheide","tag-vinnhorst"],"share_on_mastodon":{"url":"https:\/\/pubeurope.com\/@de\/116660719240949017","error":""},"_links":{"self":[{"href":"https:\/\/www.europesays.com\/de\/wp-json\/wp\/v2\/posts\/1055942","targetHints":{"allow":["GET"]}}],"collection":[{"href":"https:\/\/www.europesays.com\/de\/wp-json\/wp\/v2\/posts"}],"about":[{"href":"https:\/\/www.europesays.com\/de\/wp-json\/wp\/v2\/types\/post"}],"author":[{"embeddable":true,"href":"https:\/\/www.europesays.com\/de\/wp-json\/wp\/v2\/users\/2"}],"replies":[{"embeddable":true,"href":"https:\/\/www.europesays.com\/de\/wp-json\/wp\/v2\/comments?post=1055942"}],"version-history":[{"count":0,"href":"https:\/\/www.europesays.com\/de\/wp-json\/wp\/v2\/posts\/1055942\/revisions"}],"wp:featuredmedia":[{"embeddable":true,"href":"https:\/\/www.europesays.com\/de\/wp-json\/wp\/v2\/media\/1055943"}],"wp:attachment":[{"href":"https:\/\/www.europesays.com\/de\/wp-json\/wp\/v2\/media?parent=1055942"}],"wp:term":[{"taxonomy":"category","embeddable":true,"href":"https:\/\/www.europesays.com\/de\/wp-json\/wp\/v2\/categories?post=1055942"},{"taxonomy":"post_tag","embeddable":true,"href":"https:\/\/www.europesays.com\/de\/wp-json\/wp\/v2\/tags?post=1055942"}],"curies":[{"name":"wp","href":"https:\/\/api.w.org\/{rel}","templated":true}]}}