{"id":1056093,"date":"2026-05-30T02:02:26","date_gmt":"2026-05-30T02:02:26","guid":{"rendered":"https:\/\/www.europesays.com\/de\/1056093\/"},"modified":"2026-05-30T02:02:26","modified_gmt":"2026-05-30T02:02:26","slug":"streit-um-csd-dresden-veranstalter-meldet-neue-aufzuege-an-3","status":"publish","type":"post","link":"https:\/\/www.europesays.com\/de\/1056093\/","title":{"rendered":"Streit um CSD Dresden: Veranstalter meldet neue Aufz\u00fcge an"},"content":{"rendered":"<p class=\"text text--s\">\n\t\t\t\tFreie Presse auf Google News folgen\n\t\t\t<\/p>\n<p class=\"bold\">\n\t\t\t\t\t\t\t\t\t\tBeim Christopher Street Day in Dresden soll nun jeden Tag ein Aufzug stattfinden. Damit wollen die Veranstalter eine Einstufung der Beh\u00f6rden als kommerzielle Veranstaltung umgehen.\t\t\t\t<\/p>\n<p>\t\t\t\t\t\t\t\t\t\t\t\t\t\t\t\t\t\t\tDresden.<\/p>\n<p>Der <a href=\"https:\/\/www.freiepresse.de\/thema\/christopher+street+day\" title=\"Artikel zum Thema: Christopher Street Day\" class=\"internal-article-link\" data-ct=\"ENTITY\/KEYWORD\/CHRISTOPHER-STREET-DAY\" rel=\"nofollow noopener\" target=\"_blank\">Christopher Street Day<\/a> (CSD) in Dresden macht aus der Not eine Tugend: Da die Landesdirektion Sachsen und das Verwaltungsgericht Dresden die Veranstaltung nicht in G\u00e4nze als Versammlung anerkennen, soll nun jeden Tag parallel zum geplanten Stra\u00dfenfest ein Aufzug stattfinden. Die Stadt Dresden habe den Organisatoren freigestellt, &#8222;die Modalit\u00e4ten des Stra\u00dfenfestes so zu \u00e4ndern, dass es sich f\u00fcr objektive Dritte als Versammlung darstellt&#8220;, erkl\u00e4rten die Veranstalter. Der CSD ist vom 4. bis 6. Juni geplant.<\/p>\n<p>&#8222;Von dieser Option machen wir hiermit Gebrauch und melden ein um zwei weitere Aufz\u00fcge erweitertes Versammlungskonzept an&#8220;, sagte CSD-Chef Ronald Zenker der Deutschen Presse-Agentur. Die &#8222;alternative Option \u00fcber die Beantragung von Sondernutzungserlaubnissen einschlie\u00dflich der zahlreichen verlangten weiteren Antr\u00e4ge, Konzepte und Gutachten ist f\u00fcr den CSD nicht leistbar&#8220;. Der CSD werde ehrenamtlich organisiert, Anforderungen an kommerzielle Gro\u00dfveranstaltungen nicht erf\u00fcllbar.\u00a0<\/p>\n<p>&#8222;Der 33. CSD Dresden ist auch keine kommerzielle Gro\u00dfveranstaltung, sondern eine Versammlung. Wir halten die Begr\u00fcndung des Verwaltungsgerichts im einstweiligen Rechtsschutzverfahren f\u00fcr nicht nachvollziehbar und werden sie mit einer Beschwerde zum Oberverwaltungsgericht zur \u00dcberpr\u00fcfung stellen&#8220;, sagte Zenker.\u00a0<\/p>\n<p>\tBeh\u00f6rde: Versammlung und Veranstaltung sind verschiedene Dinge<\/p>\n<p>Stein des Ansto\u00dfes war eine Entscheidung der Landesdirektion Sachsen. Die LDS hatte Ende M\u00e4rz entschieden, dass der CSD in Dresden nicht in G\u00e4nze als Versammlung eingestuft werden darf. Nur der Umzug sei eine Versammlung, nicht aber das mehrt\u00e4gige Stra\u00dfenfest.<\/p>\n<p>Das CSD-Stra\u00dfenfest mit Verkaufsst\u00e4nden, gastronomischen Angeboten und B\u00fchnenprogrammen sei rechtlich als Veranstaltung zu bewerten, betonte die LDS. Der Umzug am Abschlusstag, bei dem politische Meinungs\u00e4u\u00dferungen im Vordergrund st\u00fcnden, sei dagegen eine Versammlung im Sinne des Versammlungsrechts.<\/p>\n<p>\tStadt Dresden kritisiert Entscheidung der Landesdirektion\u00a0<\/p>\n<p>Im Dresdner Rathaus l\u00f6ste die Entscheidung Unverst\u00e4ndnis aus. Oberb\u00fcrgermeister Dirk Hilbert, der schon mehrfach Schirmherr des Dresdner CSD war, sicherte Beistand zu. Nachdem das Verwaltungsgericht Dresden den Eilantrag der Veranstalter gegen die Einstufung als Veranstaltung abblitzen lie\u00df, sicherte die Stadt erneut Hilfe zu.\u00a0<\/p>\n<p>&#8222;Der CSD geh\u00f6rt mit seinem so wichtigen Anliegen der Gleichstellung queerer Menschen zu Dresden wie die Frauenkirche. Die <a href=\"https:\/\/www.freiepresse.de\/thema\/organisation\/stadtverwaltung\" title=\"Nachrichten zu: Stadtverwaltung\" class=\"internal-article-link\" data-ct=\"ENTITY\/ORGANISATION\/STADTVERWALTUNG\" rel=\"nofollow noopener\" target=\"_blank\">Stadtverwaltung<\/a> wird unabh\u00e4ngig von der Rechtsform das ihr M\u00f6gliche tun, damit das politische Stra\u00dfenfest auch in diesem Jahr stattfinden kann. Unsere \u00c4mter und Besch\u00e4ftigten stehen bereit, den CSD dabei zu unterst\u00fctzen \u2013 sollte das gew\u00fcnscht sein&#8220;, erkl\u00e4rte Hilbert. (dpa)<\/p>\n","protected":false},"excerpt":{"rendered":"Freie Presse auf Google News folgen Beim Christopher Street Day in Dresden soll nun jeden Tag ein Aufzug&hellip;\n","protected":false},"author":2,"featured_media":1056094,"comment_status":"","ping_status":"","sticky":false,"template":"","format":"standard","meta":{"footnotes":"","_share_on_mastodon":"0"},"categories":[1835],"tags":[3364,3388,29,2386,30,859],"class_list":["post-1056093","post","type-post","status-publish","format-standard","has-post-thumbnail","category-dresden","tag-de","tag-demos","tag-deutschland","tag-dresden","tag-germany","tag-sachsen"],"share_on_mastodon":{"url":"https:\/\/pubeurope.com\/@de\/116661069043242990","error":""},"_links":{"self":[{"href":"https:\/\/www.europesays.com\/de\/wp-json\/wp\/v2\/posts\/1056093","targetHints":{"allow":["GET"]}}],"collection":[{"href":"https:\/\/www.europesays.com\/de\/wp-json\/wp\/v2\/posts"}],"about":[{"href":"https:\/\/www.europesays.com\/de\/wp-json\/wp\/v2\/types\/post"}],"author":[{"embeddable":true,"href":"https:\/\/www.europesays.com\/de\/wp-json\/wp\/v2\/users\/2"}],"replies":[{"embeddable":true,"href":"https:\/\/www.europesays.com\/de\/wp-json\/wp\/v2\/comments?post=1056093"}],"version-history":[{"count":0,"href":"https:\/\/www.europesays.com\/de\/wp-json\/wp\/v2\/posts\/1056093\/revisions"}],"wp:featuredmedia":[{"embeddable":true,"href":"https:\/\/www.europesays.com\/de\/wp-json\/wp\/v2\/media\/1056094"}],"wp:attachment":[{"href":"https:\/\/www.europesays.com\/de\/wp-json\/wp\/v2\/media?parent=1056093"}],"wp:term":[{"taxonomy":"category","embeddable":true,"href":"https:\/\/www.europesays.com\/de\/wp-json\/wp\/v2\/categories?post=1056093"},{"taxonomy":"post_tag","embeddable":true,"href":"https:\/\/www.europesays.com\/de\/wp-json\/wp\/v2\/tags?post=1056093"}],"curies":[{"name":"wp","href":"https:\/\/api.w.org\/{rel}","templated":true}]}}