{"id":1056228,"date":"2026-05-30T03:20:13","date_gmt":"2026-05-30T03:20:13","guid":{"rendered":"https:\/\/www.europesays.com\/de\/1056228\/"},"modified":"2026-05-30T03:20:13","modified_gmt":"2026-05-30T03:20:13","slug":"tv-korschenbroich-mit-sven-bartmann-bei-allstar-game-in-duisburg","status":"publish","type":"post","link":"https:\/\/www.europesays.com\/de\/1056228\/","title":{"rendered":"TV Korschenbroich mit Sven Bartmann bei Allstar Game in Duisburg"},"content":{"rendered":"<p class=\"text_ohne_einzug richtext text-em-55 !leading-serif mx-6 desktop:mx-0\"> Als eine von den Lesern und Leserinnen des Handball-Portals Harzhelden gew\u00e4hlte Mannschaft Anfang 2021 am H\u00f6henberg zu einem Allstar-Game gegen die Zweitliga-Truppe des TSV Bayer <a href=\"https:\/\/rp-online.de\/thema\/dormagen\/\" rel=\"nofollow noopener\" target=\"_blank\">Dormagen<\/a> antrat und schlie\u00dflich deutlich mit 28:43 unterlag, war kein Amateurspieler aus einem Kreisverein dabei. Das sieht anders aus, wenn am Sonntag in Duisburg-Rheinhausen (16 Uhr, Halle Krefelder Stra\u00dfe) das Allstar-Game zwischen den Teams aus den Verb\u00e4nden <a href=\"https:\/\/rp-online.de\/thema\/niederrhein\/\" rel=\"nofollow noopener\" target=\"_blank\">Niederrhein<\/a> und <a href=\"https:\/\/rp-online.de\/thema\/mittelrhein\/\" rel=\"nofollow noopener\" target=\"_blank\">Mittelrhein<\/a> steigt. In die Niederrhein-Truppe wurden ein aktueller und ein zuk\u00fcnftiger Spieler des Regionalligisten TV <a href=\"https:\/\/rp-online.de\/thema\/korschenbroich\/\" rel=\"nofollow noopener\" target=\"_blank\">Korschenbroich<\/a> gew\u00e4hlt.<\/p>\n<p class=\"richtext text-em-55 !leading-serif mx-6 desktop:mx-0\">Aus der aktuellen Mannschaft ist das vom TVK Torh\u00fcter Sven Bartmann. \u201eIch freue mich sehr, dieses Jahr beim Allstar-Game dabei sein zu d\u00fcrfen\u201c, sagt der Routinier und erg\u00e4nzt: \u201eDurch die vielen Zuschauer macht das Event noch mal deutlich mehr Spa\u00df, weil nicht jeder im normalen Alltag das Gl\u00fcck hat, an den Wochenenden vor vielen Zuschauern zu spielen.\u201c Am Sonntag wird Bartmann dann auch mit seinem neuen Mannschaftskameraden auflaufen, denn TVK-Zugang Vincent Schimanski wurde f\u00fcr seine Leistungen beim Oberligisten TV Geistenbeck ins Niederrhein-Team gew\u00e4hlt. <\/p>\n<p class=\"richtext text-em-55 !leading-serif mx-6 desktop:mx-0\">Doch die beiden sind nicht die einzigen Namen bei dem Allstar-Game mit Bezug zum Rhein-Kreis <a href=\"https:\/\/rp-online.de\/thema\/neuss\/\" rel=\"nofollow noopener\" target=\"_blank\">Neuss<\/a>. F\u00fcr den Niederrhein spielen auch noch die ehemaligen TVK-Akteure Bruno Zavada (Adler K\u00f6nigshof) und Aaron Jennes (Borussia M\u00f6nchengladbach). Trainer des Mittelrhein-Teams ist kein Geringerer als Erik Wudtke, aktuell Co-Trainer der deutschen Nationalmannschaft und einst Jugendkoordinator sowie Sportlicher Leiter beim TSV Bayer Dormagen. <\/p>\n","protected":false},"excerpt":{"rendered":"Als eine von den Lesern und Leserinnen des Handball-Portals Harzhelden gew\u00e4hlte Mannschaft Anfang 2021 am H\u00f6henberg zu einem&hellip;\n","protected":false},"author":2,"featured_media":1056229,"comment_status":"","ping_status":"","sticky":false,"template":"","format":"standard","meta":{"footnotes":"","_share_on_mastodon":"0"},"categories":[1838],"tags":[225621,225622,3364,29,39716,3715,67336,30,31254,24741,3716,1209,5206,13246,28368,116532],"class_list":["post-1056228","post","type-post","status-publish","format-standard","has-post-thumbnail","category-duisburg","tag-allstar","tag-bartmann","tag-de","tag-deutschland","tag-dormagen","tag-duisburg","tag-game","tag-germany","tag-gewaehlt","tag-korschenbroich","tag-niederrhein","tag-nordrhein-westfalen","tag-rhein","tag-rheinhausen","tag-truppe","tag-tvk"],"share_on_mastodon":{"url":"https:\/\/pubeurope.com\/@de\/116661375954386449","error":""},"_links":{"self":[{"href":"https:\/\/www.europesays.com\/de\/wp-json\/wp\/v2\/posts\/1056228","targetHints":{"allow":["GET"]}}],"collection":[{"href":"https:\/\/www.europesays.com\/de\/wp-json\/wp\/v2\/posts"}],"about":[{"href":"https:\/\/www.europesays.com\/de\/wp-json\/wp\/v2\/types\/post"}],"author":[{"embeddable":true,"href":"https:\/\/www.europesays.com\/de\/wp-json\/wp\/v2\/users\/2"}],"replies":[{"embeddable":true,"href":"https:\/\/www.europesays.com\/de\/wp-json\/wp\/v2\/comments?post=1056228"}],"version-history":[{"count":0,"href":"https:\/\/www.europesays.com\/de\/wp-json\/wp\/v2\/posts\/1056228\/revisions"}],"wp:featuredmedia":[{"embeddable":true,"href":"https:\/\/www.europesays.com\/de\/wp-json\/wp\/v2\/media\/1056229"}],"wp:attachment":[{"href":"https:\/\/www.europesays.com\/de\/wp-json\/wp\/v2\/media?parent=1056228"}],"wp:term":[{"taxonomy":"category","embeddable":true,"href":"https:\/\/www.europesays.com\/de\/wp-json\/wp\/v2\/categories?post=1056228"},{"taxonomy":"post_tag","embeddable":true,"href":"https:\/\/www.europesays.com\/de\/wp-json\/wp\/v2\/tags?post=1056228"}],"curies":[{"name":"wp","href":"https:\/\/api.w.org\/{rel}","templated":true}]}}