{"id":1056336,"date":"2026-05-30T04:24:24","date_gmt":"2026-05-30T04:24:24","guid":{"rendered":"https:\/\/www.europesays.com\/de\/1056336\/"},"modified":"2026-05-30T04:24:24","modified_gmt":"2026-05-30T04:24:24","slug":"unwetter-wuetet-im-westen-deutschlands","status":"publish","type":"post","link":"https:\/\/www.europesays.com\/de\/1056336\/","title":{"rendered":"Unwetter w\u00fctet im Westen Deutschlands"},"content":{"rendered":"<p class=\"paragraph --regular --color\" data-v-ad2bcb75=\"\" data-v-5c4b7507=\"\">M\u00fcnster (dpa) &#8211; . Unwetter w\u00fctet im Westen DeutschlandsEine Unwetterfront mit Gewitter und kr\u00e4ftigem Regen ist \u00fcber Teile Nordrhein-Westfalens gezogen. B\u00e4ume st\u00fcrzten um, Keller liefen voll, Stra\u00dfen wurden \u00fcberflutet, Fernz\u00fcge mussten in Bahnh\u00f6fen warten und Ruderer wurden aus einem Fluss gerettet. Mehrere St\u00e4dte berichteten von zahlreichen Feuerwehreins\u00e4tzen am Freitagabend.<\/p>\n","protected":false},"excerpt":{"rendered":"M\u00fcnster (dpa) &#8211; . Unwetter w\u00fctet im Westen DeutschlandsEine Unwetterfront mit Gewitter und kr\u00e4ftigem Regen ist \u00fcber Teile&hellip;\n","protected":false},"author":2,"featured_media":1056337,"comment_status":"","ping_status":"","sticky":false,"template":"","format":"standard","meta":{"footnotes":"","_share_on_mastodon":"0"},"categories":[1843],"tags":[5650,5651,5652,5654,5655,3364,29,30,5660,5656,5653,5657,1427,8970,14,5659,1209,5658,5661,4544,5662],"class_list":["post-1056336","post","type-post","status-publish","format-standard","has-post-thumbnail","category-muenster","tag-alzey","tag-bad-kreuznach","tag-bad-sobernheim","tag-bingen","tag-buerstadt","tag-de","tag-deutschland","tag-germany","tag-guntersblum","tag-ingelheim","tag-kirn","tag-lampertheim","tag-mainz","tag-muenster","tag-nachrichten","tag-nierstein","tag-nordrhein-westfalen","tag-oppenheim","tag-ruesselsheim","tag-wiesbaden","tag-worms"],"share_on_mastodon":{"url":"https:\/\/pubeurope.com\/@de\/116661627767807408","error":""},"_links":{"self":[{"href":"https:\/\/www.europesays.com\/de\/wp-json\/wp\/v2\/posts\/1056336","targetHints":{"allow":["GET"]}}],"collection":[{"href":"https:\/\/www.europesays.com\/de\/wp-json\/wp\/v2\/posts"}],"about":[{"href":"https:\/\/www.europesays.com\/de\/wp-json\/wp\/v2\/types\/post"}],"author":[{"embeddable":true,"href":"https:\/\/www.europesays.com\/de\/wp-json\/wp\/v2\/users\/2"}],"replies":[{"embeddable":true,"href":"https:\/\/www.europesays.com\/de\/wp-json\/wp\/v2\/comments?post=1056336"}],"version-history":[{"count":0,"href":"https:\/\/www.europesays.com\/de\/wp-json\/wp\/v2\/posts\/1056336\/revisions"}],"wp:featuredmedia":[{"embeddable":true,"href":"https:\/\/www.europesays.com\/de\/wp-json\/wp\/v2\/media\/1056337"}],"wp:attachment":[{"href":"https:\/\/www.europesays.com\/de\/wp-json\/wp\/v2\/media?parent=1056336"}],"wp:term":[{"taxonomy":"category","embeddable":true,"href":"https:\/\/www.europesays.com\/de\/wp-json\/wp\/v2\/categories?post=1056336"},{"taxonomy":"post_tag","embeddable":true,"href":"https:\/\/www.europesays.com\/de\/wp-json\/wp\/v2\/tags?post=1056336"}],"curies":[{"name":"wp","href":"https:\/\/api.w.org\/{rel}","templated":true}]}}