{"id":1056537,"date":"2026-05-30T06:24:14","date_gmt":"2026-05-30T06:24:14","guid":{"rendered":"https:\/\/www.europesays.com\/de\/1056537\/"},"modified":"2026-05-30T06:24:14","modified_gmt":"2026-05-30T06:24:14","slug":"1-juni-stadt-und-zoo-leipzig-laden-zum-internationalen-kindertag-in-den-zoo-ein-%c2%b7-leipziger-zeitung","status":"publish","type":"post","link":"https:\/\/www.europesays.com\/de\/1056537\/","title":{"rendered":"1. Juni: Stadt und Zoo Leipzig laden zum Internationalen Kindertag in den Zoo ein \u00b7 Leipziger Zeitung"},"content":{"rendered":"<p>Kinderrechte spielerisch kennenlernen und mit tierischem Wissen verbinden: Zum Internationalen Kindertag am 1. Juni laden die Stadt Leipzig und der Zoo alle Kinder und Jugendlichen bis 16 Jahre zum kostenfreien Zoobesuch ein. Dort erwartet die jungen G\u00e4ste unter anderem die \u201eTierische Kinderrechte-Rallye\u201c, die die Kids zu echten \u201eKinderrechte-Profis\u201c werden l\u00e4sst.<\/p>\n<p>Er\u00f6ffnet wird der Aktionstag unter dem Motto \u201eKinderrechte kennenlernen\u201c um 08:45 Uhr am Eingangsportal des Zoos mit einer Begr\u00fc\u00dfung durch den Zoodirektor Prof. Dr. J\u00f6rg Junhold und die B\u00fcrgermeisterin f\u00fcr Soziales, Gesundheit und Vielfalt, Dr. Martina M\u00fcnch.<\/p>\n<p>Anschlie\u00dfend f\u00e4llt der Startschuss f\u00fcr die Rallye, bei der an f\u00fcnf Stationen alltagsnah und niedrigschwellig am Beispiel tierischer Paten grundlegende Kinderrechte wie Bildung, Mitbestimmung oder Chancengleichheit vermittelt werden. Im Ziel k\u00f6nnen die Kinder ihre pers\u00f6nlichen Vorstellungen und Ideen zum kinderfreundlichen Leben in der Stadt kreativ zum Ausdruck bringen.<\/p>\n<p>Zahlreiche Schulklassen und Kitagruppen mit Begleitpersonen aus dem ganzen Stadtgebiet haben sich im Vorfeld f\u00fcr diesen Kindertags-Ausflug der besonderen Art angemeldet.<\/p>\n<p>Kostenfreier Eintritt f\u00fcr alle unter 16 Jahren<\/p>\n<p>\u00dcberdies gilt der kostenfreie Eintritt am 1. Juni auch f\u00fcr alle spontanen Besucherinnen und Besucher unter 16 Jahren, sodass der Besuch am Kindertag im Gruppenverband oder mit Eltern und Gro\u00dfeltern sowie die Teilnahme an der Kinderrechte-Rallye m\u00f6glich ist.<\/p>\n<p>Neben dem Ziel, die Auseinandersetzung mit Kinderrechten zu f\u00f6rdern und dadurch auch die j\u00fcngsten Leipzigerinnen und Leipziger f\u00fcr die aktive Mitgestaltung ihrer Stadt zu gewinnen, dient die Veranstaltung au\u00dferdem dazu, die 2025 beschlossene Kinder- und Jugendcharta bekannter zu machen.<\/p>\n<p>Weitere Informationen dazu gibt es unter <a class=\"link-body\" href=\"https:\/\/www.leipzig.de\/leipzig-strategie\/gesellschaft\/kinder-und-jugendcharta\" target=\"_blank\" rel=\"noopener nofollow\">www.leipzig.de\/kinderrechte<\/a>.<\/p>\n","protected":false},"excerpt":{"rendered":"Kinderrechte spielerisch kennenlernen und mit tierischem Wissen verbinden: Zum Internationalen Kindertag am 1. Juni laden die Stadt Leipzig&hellip;\n","protected":false},"author":2,"featured_media":841419,"comment_status":"","ping_status":"","sticky":false,"template":"","format":"standard","meta":{"footnotes":"","_share_on_mastodon":"0"},"categories":[1832],"tags":[3364,29,30,36984,7976,71,859,6500,7962],"class_list":["post-1056537","post","type-post","status-publish","format-standard","has-post-thumbnail","category-leipzig","tag-de","tag-deutschland","tag-germany","tag-kinderrechte","tag-kindertag","tag-leipzig","tag-sachsen","tag-zoo","tag-zoo-leipzig"],"share_on_mastodon":{"url":"https:\/\/pubeurope.com\/@de\/116662099375420764","error":""},"_links":{"self":[{"href":"https:\/\/www.europesays.com\/de\/wp-json\/wp\/v2\/posts\/1056537","targetHints":{"allow":["GET"]}}],"collection":[{"href":"https:\/\/www.europesays.com\/de\/wp-json\/wp\/v2\/posts"}],"about":[{"href":"https:\/\/www.europesays.com\/de\/wp-json\/wp\/v2\/types\/post"}],"author":[{"embeddable":true,"href":"https:\/\/www.europesays.com\/de\/wp-json\/wp\/v2\/users\/2"}],"replies":[{"embeddable":true,"href":"https:\/\/www.europesays.com\/de\/wp-json\/wp\/v2\/comments?post=1056537"}],"version-history":[{"count":0,"href":"https:\/\/www.europesays.com\/de\/wp-json\/wp\/v2\/posts\/1056537\/revisions"}],"wp:featuredmedia":[{"embeddable":true,"href":"https:\/\/www.europesays.com\/de\/wp-json\/wp\/v2\/media\/841419"}],"wp:attachment":[{"href":"https:\/\/www.europesays.com\/de\/wp-json\/wp\/v2\/media?parent=1056537"}],"wp:term":[{"taxonomy":"category","embeddable":true,"href":"https:\/\/www.europesays.com\/de\/wp-json\/wp\/v2\/categories?post=1056537"},{"taxonomy":"post_tag","embeddable":true,"href":"https:\/\/www.europesays.com\/de\/wp-json\/wp\/v2\/tags?post=1056537"}],"curies":[{"name":"wp","href":"https:\/\/api.w.org\/{rel}","templated":true}]}}