{"id":1056572,"date":"2026-05-30T06:44:27","date_gmt":"2026-05-30T06:44:27","guid":{"rendered":"https:\/\/www.europesays.com\/de\/1056572\/"},"modified":"2026-05-30T06:44:27","modified_gmt":"2026-05-30T06:44:27","slug":"ndr-talk-show-barbara-schoeneberger-faellt-heute-aus","status":"publish","type":"post","link":"https:\/\/www.europesays.com\/de\/1056572\/","title":{"rendered":"&#8222;NDR Talk Show&#8220;: Barbara Sch\u00f6neberger f\u00e4llt heute aus"},"content":{"rendered":"<p>Dieser Star \u00fcbernimmt <\/p>\n<p>Barbara Sch\u00f6neberger f\u00e4llt in der &#8222;NDR Talk Show&#8220; heute aus<\/p>\n<p>29.05.2026 &#8211; 17:13 UhrLesedauer: 2 Min.<\/p>\n<p><a href=\"#focus-0\" class=\"transition-colors duration-200 block text-current relative\" data-sctrack=\"FocusGalleryImage.Reference\"><img fetchpriority=\"high\" data-testid=\"Opener.Image\"   loading=\"eager\" src=\"https:\/\/www.europesays.com\/de\/wp-content\/uploads\/2026\/05\/1780123463_122_barbara-schoeneberger-moderiert-die-ndr-talk-show-fototermin-am-6-32026-im-fernsehstudio-hamburg-lok.jpeg\" alt=\"imago images 0849827177\" title=\"imago images 0849827177\" width=\"2707\" height=\"1523\" class=\"bg-[url:var(--lqipURL)] bg-cover bg-center flex h-full w-full max-w-full\" style=\"--lqipURL:url('https:\/\/images.t-online.de\/2026\/05\/Xw7jJffm5NXt\/953x302:2707x1523\/fit-in\/150x0\/filters:blur(25)\/barbara-schoeneberger-moderiert-die-ndr-talk-show-fototermin-am-6-32026-im-fernsehstudio-hamburg-lokstedt-vor-der-sendung-im-3-programm-des-ndr-fernsehen-barbara-schoeneberger-hosts-the-ndr-talk-show-photo-session-on-6-3-2026-in-the-hamburg-lokstedt-television-studio-before-the-broadcast-on-the-3-program-of-ndr-television.jpg')\" decoding=\"async\"\/><img loading=\"lazy\" src=\"https:\/\/www.t-online.de\/s\/paper\/_next\/static\/media\/zoom-in.f7dae02f.svg\" alt=\"Vergr\u00f6\u00dfern des Bildes\" title=\"Vergr\u00f6\u00dfern des Bildes\" class=\"block h-[calc(var(--height)_\/_16_*_1rem)] w-[calc(var(--width)_\/_16_*_1rem)] max-w-none absolute bottom-8 right-8 rounded-4 bg-snow p-8\" style=\"--width:32;--height:32\" decoding=\"async\"\/><\/a><\/p>\n<p>Barbara Sch\u00f6neberger: Sie moderiert die &#8222;NDR Talk Show&#8220; seit 2008. (Quelle: IMAGO\/Stephan Wallocha\/imago)<\/p>\n<p><img loading=\"lazy\" src=\"https:\/\/www.t-online.de\/s\/paper\/_next\/static\/media\/audio-volume.6689034c.svg\" alt=\"\" title=\"\" class=\"block h-[calc(var(--height)_\/_16_*_1rem)] w-[calc(var(--width)_\/_16_*_1rem)] max-w-none group-hover:brightness-0 group-hover:invert\" style=\"--width:16;--height:16\" decoding=\"async\"\/>Vorlesen<\/p>\n<p>Aktuelle Zeit:0:00Gesamtdauer:0:00<\/p>\n<p>1x<\/p>\n<p class=\"text-center\">Jetzt neu bei t-online:<\/p>\n<p class=\"text-center\">Schriftgr\u00f6\u00dfe anpassen!<\/p>\n<p><img loading=\"lazy\" src=\"https:\/\/www.t-online.de\/s\/paper\/_next\/static\/media\/font-sizes.32942e33.svg\" alt=\"\" title=\"\" class=\"block h-[calc(var(--height)_\/_16_*_1rem)] w-[calc(var(--width)_\/_16_*_1rem)] max-w-none group-hover:hidden group-aria-expanded:hidden\" style=\"--width:16;--height:16\" decoding=\"async\"\/><img loading=\"lazy\" src=\"https:\/\/www.t-online.de\/s\/paper\/_next\/static\/media\/font-sizes-dark-mode.e382645c.svg\" alt=\"\" title=\"\" class=\"block h-[calc(var(--height)_\/_16_*_1rem)] w-[calc(var(--width)_\/_16_*_1rem)] max-w-none hidden group-hover:block group-aria-expanded:block\" style=\"--width:16;--height:16\" decoding=\"async\"\/><img loading=\"lazy\" src=\"https:\/\/www.t-online.de\/s\/paper\/_next\/static\/media\/sharing-menu-icon.1eb71368.svg\" alt=\"\" title=\"\" class=\"block h-[calc(var(--height)_\/_16_*_1rem)] w-[calc(var(--width)_\/_16_*_1rem)] max-w-none group-hover:brightness-0 group-hover:invert\" style=\"--width:16;--height:16\" decoding=\"async\"\/>Artikel teilen<\/p>\n<p class=\"font-bold text-18 leading-17 user-text-lg:text-22 user-text-xl:text-24\">Eigentlich war Barbara Sch\u00f6neberger f\u00fcr die Folge Ende Mai eingeplant. Doch nun wird Hubertus Meyer-Burckhardt mit einer anderen Kollegin die &#8222;NDR Talk Show&#8220; moderieren.<\/p>\n<p class=\"text-18 leading-17 user-text-lg:text-22 user-text-xl:text-24\">Nach einer Woche Pause kehrt die &#8222;NDR Talk Show&#8220; am Freitagabend zur\u00fcck ins Programm. Die n\u00e4chste Ausgabe wird von <a class=\"transition-colors duration-200 cursor-pointer text-inherit no-underline text-salemsfur md:hover:text-magenta md:hover:border-magenta md:focus:text-magenta border-current border-b border-solid break-words\" data-tracking=\"{&quot;action&quot;:&quot;click&quot;,&quot;category&quot;:&quot;intextLink&quot;,&quot;label&quot;:&quot;\/themen\/hubertus-meyer-burckhardt\/&quot;}\" href=\"https:\/\/www.t-online.de\/themen\/hubertus-meyer-burckhardt\/\" data-sctrack=\"BodyAnchor\" rel=\"nofollow noopener\" target=\"_blank\">Hubertus Meyer-Burckhardt<\/a> moderiert. Allerdings f\u00fchrt der 69-J\u00e4hrige nicht wie gewohnt mit <a class=\"transition-colors duration-200 cursor-pointer text-inherit no-underline text-salemsfur md:hover:text-magenta md:hover:border-magenta md:focus:text-magenta border-current border-b border-solid break-words\" data-tracking=\"{&quot;action&quot;:&quot;click&quot;,&quot;category&quot;:&quot;intextLink&quot;,&quot;label&quot;:&quot;\/themen\/barbara-schoeneberger\/&quot;}\" href=\"https:\/\/www.t-online.de\/themen\/barbara-schoeneberger\/\" data-sctrack=\"BodyAnchor\" rel=\"nofollow noopener\" target=\"_blank\">Barbara Sch\u00f6neberger<\/a> durch die Sendung, sondern mit <a class=\"transition-colors duration-200 cursor-pointer text-inherit no-underline text-salemsfur md:hover:text-magenta md:hover:border-magenta md:focus:text-magenta border-current border-b border-solid break-words\" data-tracking=\"{&quot;action&quot;:&quot;click&quot;,&quot;category&quot;:&quot;intextLink&quot;,&quot;label&quot;:&quot;\/themen\/bettina-tietjen\/&quot;}\" href=\"https:\/\/www.t-online.de\/themen\/bettina-tietjen\/\" data-sctrack=\"BodyAnchor\" rel=\"nofollow noopener\" target=\"_blank\">Bettina Tietjen<\/a>.<\/p>\n<p class=\"text-18 leading-17 user-text-lg:text-22 user-text-xl:text-24\">Bis Mitte Mai war noch Sch\u00f6neberger f\u00fcr die Folge vorgesehen. Auf Nachfrage von t-online erkl\u00e4rte eine Sendersprecherin, dass der Wechsel &#8222;mit terminlichen \u00dcberschneidungen im Moderationsteam&#8220; zusammenh\u00e4nge. Weitere Details wurden nicht genannt.<\/p>\n<ul class=\"text-18 leading-17 block pl-24 *:pb-16 *:before:inline-block *:before:size-8 *:before:bg-magenta *:before:-ml-[20px] *:before:mb-2 *:before:mr-12 *:before:mt-0\">\n<li><strong class=\"font-bold\">Barbara Sch\u00f6neberger:<\/strong> <a class=\"transition-colors duration-200 cursor-pointer text-inherit no-underline text-salemsfur md:hover:text-magenta md:hover:border-magenta md:focus:text-magenta border-current border-b border-solid break-words\" data-tracking=\"{&quot;action&quot;:&quot;click&quot;,&quot;category&quot;:&quot;intextLink&quot;,&quot;label&quot;:&quot;\/unterhaltung\/stars\/id_100254646\/barbara-schoeneberger-reagiert-auf-kritik-an-ihrer-figur.html&quot;}\" href=\"https:\/\/www.t-online.de\/unterhaltung\/stars\/id_100254646\/barbara-schoeneberger-reagiert-auf-kritik-an-ihrer-figur.html\" data-sctrack=\"BodyAnchor\" rel=\"nofollow noopener\" target=\"_blank\">Moderatorin reagiert auf Kritik an ihrer Figur<\/a><\/li>\n<\/ul>\n<p class=\"text-18 leading-17 user-text-lg:text-22 user-text-xl:text-24\">Bereits vor zwei Wochen war die 52-J\u00e4hrige in der &#8222;NDR Talk Show&#8220; ausgefallen. Damals hatte Barbara Sch\u00f6neberger wegen des <a class=\"transition-colors duration-200 cursor-pointer text-inherit no-underline text-salemsfur md:hover:text-magenta md:hover:border-magenta md:focus:text-magenta border-current border-b border-solid break-words\" data-tracking=\"{&quot;action&quot;:&quot;click&quot;,&quot;category&quot;:&quot;intextLink&quot;,&quot;label&quot;:&quot;\/themen\/eurovision-song-contest\/&quot;}\" href=\"https:\/\/www.t-online.de\/themen\/eurovision-song-contest\/\" data-sctrack=\"BodyAnchor\" rel=\"nofollow noopener\" target=\"_blank\">Eurovision Song Contest<\/a> in <a class=\"transition-colors duration-200 cursor-pointer text-inherit no-underline text-salemsfur md:hover:text-magenta md:hover:border-magenta md:focus:text-magenta border-current border-b border-solid break-words\" data-tracking=\"{&quot;action&quot;:&quot;click&quot;,&quot;category&quot;:&quot;intextLink&quot;,&quot;label&quot;:&quot;\/themen\/oesterreich\/&quot;}\" href=\"https:\/\/www.t-online.de\/themen\/oesterreich\/\" data-sctrack=\"BodyAnchor\" rel=\"nofollow noopener\" target=\"_blank\">\u00d6sterreich<\/a> andere Verpflichtungen. W\u00e4hrend der Aufzeichnung der &#8222;NDR Talk Show&#8220; in <a class=\"transition-colors duration-200 cursor-pointer text-inherit no-underline text-salemsfur md:hover:text-magenta md:hover:border-magenta md:focus:text-magenta border-current border-b border-solid break-words\" data-tracking=\"{&quot;action&quot;:&quot;click&quot;,&quot;category&quot;:&quot;intextLink&quot;,&quot;label&quot;:&quot;https:\/\/hamburg.t-online.de\/region\/hamburg\/&quot;}\" href=\"https:\/\/hamburg.t-online.de\/region\/hamburg\/\" data-sctrack=\"BodyAnchor\" rel=\"nofollow noopener\" target=\"_blank\">Hamburg<\/a> befand sie sich bereits in Wien. Bettina Tietjen ersetzte sie auch damals.<\/p>\n<p><a href=\"#focus-1\" class=\"transition-colors duration-200 block text-current relative\" data-sctrack=\"FocusGalleryImage.Reference\"><img   loading=\"lazy\" src=\"https:\/\/www.europesays.com\/de\/wp-content\/uploads\/2026\/01\/barbara-schoeneberger-und-bettina-tietjen-moderieren-die-ndr-talk-show.jpg\" alt=\"imago images 0803997798\" title=\"imago images 0803997798\" width=\"3456\" height=\"1944\" class=\"h-full w-full max-w-full rounded-8\" decoding=\"async\"\/><img loading=\"lazy\" src=\"https:\/\/www.t-online.de\/s\/paper\/_next\/static\/media\/zoom-in.f7dae02f.svg\" alt=\"Vergr\u00f6\u00dfern des Bildes\" title=\"Vergr\u00f6\u00dfern des Bildes\" class=\"block h-[calc(var(--height)_\/_16_*_1rem)] w-[calc(var(--width)_\/_16_*_1rem)] max-w-none absolute bottom-8 right-8 rounded-4 bg-snow p-8\" style=\"--width:32;--height:32\" decoding=\"async\"\/>Barbara Sch\u00f6neberger und Bettina Tietjen moderieren die &#8222;NDR Talk Show&#8220;. (Quelle: IMAGO\/imago)<\/a><\/p>\n<p class=\"text-18 leading-17 user-text-lg:text-22 user-text-xl:text-24\">Normalerweise moderiert Bettina Tietjen mit <a class=\"transition-colors duration-200 cursor-pointer text-inherit no-underline text-salemsfur md:hover:text-magenta md:hover:border-magenta md:focus:text-magenta border-current border-b border-solid break-words\" data-tracking=\"{&quot;action&quot;:&quot;click&quot;,&quot;category&quot;:&quot;intextLink&quot;,&quot;label&quot;:&quot;\/themen\/steven-gaetjen\/&quot;}\" href=\"https:\/\/www.t-online.de\/themen\/steven-gaetjen\/\" data-sctrack=\"BodyAnchor\" rel=\"nofollow noopener\" target=\"_blank\">Steven G\u00e4tjen<\/a>. Der 53-J\u00e4hrige sollte kommende Woche f\u00fcr das Format vor der Kamera stehen. Doch auch da gibt es einen Wechsel. Der ProSieben-Star f\u00e4llt aus. F\u00fcr ihn springt dann Hubertus Meyer-Burckhardt ein. Danach verabschiedet sich die &#8222;NDR Talk Show&#8220; bis zum 24. Juli in die Sommerpause.<\/p>\n<p><img loading=\"lazy\" src=\"https:\/\/www.t-online.de\/s\/paper\/_next\/static\/media\/video-carousel-play.6f25714b.svg\" alt=\"\" title=\"\" class=\"block h-[calc(var(--height)_\/_16_*_1rem)] w-[calc(var(--width)_\/_16_*_1rem)] max-w-none undefined\" style=\"--height:12\" decoding=\"async\"\/><\/p>\n<p>Das sind heute die G\u00e4ste<\/p>\n<p class=\"text-18 leading-17 user-text-lg:text-22 user-text-xl:text-24\">In der heutigen Ausgabe werden Stars wie Musiker David Garrett, Entertainer Wolfgang Lippert und Schauspielerin Sabine Kaack erwarten. Auch die &#8222;Karls Erlebnis-Dorf&#8220;-Betreiber Ulrike und Robert Dahl und die Miniaturk\u00fcnstlerin Katharina Raab sind angek\u00fcndigt. <a class=\"transition-colors duration-200 cursor-pointer text-inherit no-underline text-salemsfur md:hover:text-magenta md:hover:border-magenta md:focus:text-magenta border-current border-b border-solid break-words\" data-tracking=\"{&quot;action&quot;:&quot;click&quot;,&quot;category&quot;:&quot;intextLink&quot;,&quot;label&quot;:&quot;\/unterhaltung\/tv\/talkshows\/id_101269462\/-ndr-talkshow-heute-gaeste-der-sendung-am-29-mai.html&quot;}\" href=\"https:\/\/www.t-online.de\/unterhaltung\/tv\/talkshows\/id_101269462\/-ndr-talkshow-heute-gaeste-der-sendung-am-29-mai.html\" data-sctrack=\"BodyAnchor\" rel=\"nofollow noopener\" target=\"_blank\">Hier sehen Sie alle G\u00e4ste der heutigen Folge.<\/a><\/p>\n<p class=\"text-18 leading-17 user-text-lg:text-22 user-text-xl:text-24\">Nach &#8222;3nach9&#8220; ist die &#8222;NDR Talk Show&#8220; die zweit\u00e4lteste <a class=\"transition-colors duration-200 cursor-pointer text-inherit no-underline text-salemsfur md:hover:text-magenta md:hover:border-magenta md:focus:text-magenta border-current border-b border-solid break-words\" data-tracking=\"{&quot;action&quot;:&quot;click&quot;,&quot;category&quot;:&quot;intextLink&quot;,&quot;label&quot;:&quot;\/themen\/talkshow\/&quot;}\" href=\"https:\/\/www.t-online.de\/themen\/talkshow\/\" data-sctrack=\"BodyAnchor\" rel=\"nofollow noopener\" target=\"_blank\">Talkshow<\/a> des deutschen Fernsehens. Die erste Folge wurde 1979 ausgestrahlt. Damals f\u00fchrten Hermann Schreiber, Wolf Schneider und Dagobert Lindlau durch die Sendung. 1994 moderierte Hubertus Meyer-Burckhardt zum ersten Mal die &#8222;NDR Talk Show&#8220;. 2008 folgte Barbara Sch\u00f6neberger, 2019 Bettina Tietjen. Seit 2025 geh\u00f6rt auch Steven G\u00e4tjen zum Team.<\/p>\n","protected":false},"excerpt":{"rendered":"Dieser Star \u00fcbernimmt Barbara Sch\u00f6neberger f\u00e4llt in der &#8222;NDR Talk Show&#8220; heute aus 29.05.2026 &#8211; 17:13 UhrLesedauer: 2&hellip;\n","protected":false},"author":2,"featured_media":1056573,"comment_status":"","ping_status":"","sticky":false,"template":"","format":"standard","meta":{"footnotes":"","_share_on_mastodon":"0"},"categories":[1776],"tags":[8265,78641,1801,29,214,30,109196,438,144961,1802,37090,215],"class_list":["post-1056572","post","type-post","status-publish","format-standard","has-post-thumbnail","category-prominente","tag-barbara-schoeneberger","tag-bettina-tietjen","tag-celebrities","tag-deutschland","tag-entertainment","tag-germany","tag-hubertus-meyer-burckhardt","tag-ndr","tag-ndr-talk-show","tag-prominente","tag-steven-gaetjen","tag-unterhaltung"],"share_on_mastodon":{"url":"","error":""},"_links":{"self":[{"href":"https:\/\/www.europesays.com\/de\/wp-json\/wp\/v2\/posts\/1056572","targetHints":{"allow":["GET"]}}],"collection":[{"href":"https:\/\/www.europesays.com\/de\/wp-json\/wp\/v2\/posts"}],"about":[{"href":"https:\/\/www.europesays.com\/de\/wp-json\/wp\/v2\/types\/post"}],"author":[{"embeddable":true,"href":"https:\/\/www.europesays.com\/de\/wp-json\/wp\/v2\/users\/2"}],"replies":[{"embeddable":true,"href":"https:\/\/www.europesays.com\/de\/wp-json\/wp\/v2\/comments?post=1056572"}],"version-history":[{"count":0,"href":"https:\/\/www.europesays.com\/de\/wp-json\/wp\/v2\/posts\/1056572\/revisions"}],"wp:featuredmedia":[{"embeddable":true,"href":"https:\/\/www.europesays.com\/de\/wp-json\/wp\/v2\/media\/1056573"}],"wp:attachment":[{"href":"https:\/\/www.europesays.com\/de\/wp-json\/wp\/v2\/media?parent=1056572"}],"wp:term":[{"taxonomy":"category","embeddable":true,"href":"https:\/\/www.europesays.com\/de\/wp-json\/wp\/v2\/categories?post=1056572"},{"taxonomy":"post_tag","embeddable":true,"href":"https:\/\/www.europesays.com\/de\/wp-json\/wp\/v2\/tags?post=1056572"}],"curies":[{"name":"wp","href":"https:\/\/api.w.org\/{rel}","templated":true}]}}