{"id":1056604,"date":"2026-05-30T07:05:15","date_gmt":"2026-05-30T07:05:15","guid":{"rendered":"https:\/\/www.europesays.com\/de\/1056604\/"},"modified":"2026-05-30T07:05:15","modified_gmt":"2026-05-30T07:05:15","slug":"ballonwoche-in-viersen-2026-rheinische-post-an-bord","status":"publish","type":"post","link":"https:\/\/www.europesays.com\/de\/1056604\/","title":{"rendered":"Ballonwoche in Viersen 2026: Rheinische Post an Bord"},"content":{"rendered":"<p class=\"text_ohne_einzug richtext text-em-55 !leading-serif mx-6 desktop:mx-0\"> Bereits um 5.15 Uhr fahren die ersten K\u00f6rbe auf gro\u00dfen Anh\u00e4ngern vor. Kaum zu glauben, dass sie in zwei Stunden, gef\u00fcllt mit Menschen, hunderte Meter \u00fcber der Erde schweben werden. Noch hat sich die Nacht nicht vollst\u00e4ndig verabschiedet, \u00fcber der Wiese gegen\u00fcber h\u00e4ngt der <a href=\"https:\/\/rp-online.de\/thema\/nebel\/\" rel=\"nofollow noopener\" target=\"_blank\">Nebel<\/a> schwer. Noch ist es ruhig am Hohen Busch. Das wird sich in den n\u00e4chsten 30 Minuten \u00e4ndern. Es ist Ballonwoche in Viersen.<\/p>\n","protected":false},"excerpt":{"rendered":"Bereits um 5.15 Uhr fahren die ersten K\u00f6rbe auf gro\u00dfen Anh\u00e4ngern vor. Kaum zu glauben, dass sie in&hellip;\n","protected":false},"author":2,"featured_media":1056605,"comment_status":"","ping_status":"","sticky":false,"template":"","format":"standard","meta":{"footnotes":"","_share_on_mastodon":"0"},"categories":[1849],"tags":[96152,225659,154579,211245,17173,79616,3364,29,19019,548,663,3934,30,22359,20684,5332,13,69410,225660,225658,22178,225656,58680,4455,14,15,1209,12,167620,225657,18183],"class_list":["post-1056604","post","type-post","status-publish","format-standard","has-post-thumbnail","category-moenchengladbach","tag-ballon","tag-ballonfahren","tag-ballonkorb","tag-ballonwoche","tag-busch","tag-cool","tag-de","tag-deutschland","tag-einfamilienhaeuser","tag-eu","tag-europa","tag-europe","tag-germany","tag-gezogen","tag-gruppe","tag-haeuser","tag-headlines","tag-heissluftballon","tag-heissluftballons","tag-hinaufgezogen","tag-korb","tag-koerbe","tag-landung","tag-moenchengladbach","tag-nachrichten","tag-news","tag-nordrhein-westfalen","tag-schlagzeilen","tag-schweben","tag-traumlandung","tag-viersen"],"share_on_mastodon":{"url":"","error":""},"_links":{"self":[{"href":"https:\/\/www.europesays.com\/de\/wp-json\/wp\/v2\/posts\/1056604","targetHints":{"allow":["GET"]}}],"collection":[{"href":"https:\/\/www.europesays.com\/de\/wp-json\/wp\/v2\/posts"}],"about":[{"href":"https:\/\/www.europesays.com\/de\/wp-json\/wp\/v2\/types\/post"}],"author":[{"embeddable":true,"href":"https:\/\/www.europesays.com\/de\/wp-json\/wp\/v2\/users\/2"}],"replies":[{"embeddable":true,"href":"https:\/\/www.europesays.com\/de\/wp-json\/wp\/v2\/comments?post=1056604"}],"version-history":[{"count":0,"href":"https:\/\/www.europesays.com\/de\/wp-json\/wp\/v2\/posts\/1056604\/revisions"}],"wp:featuredmedia":[{"embeddable":true,"href":"https:\/\/www.europesays.com\/de\/wp-json\/wp\/v2\/media\/1056605"}],"wp:attachment":[{"href":"https:\/\/www.europesays.com\/de\/wp-json\/wp\/v2\/media?parent=1056604"}],"wp:term":[{"taxonomy":"category","embeddable":true,"href":"https:\/\/www.europesays.com\/de\/wp-json\/wp\/v2\/categories?post=1056604"},{"taxonomy":"post_tag","embeddable":true,"href":"https:\/\/www.europesays.com\/de\/wp-json\/wp\/v2\/tags?post=1056604"}],"curies":[{"name":"wp","href":"https:\/\/api.w.org\/{rel}","templated":true}]}}