{"id":1056899,"date":"2026-05-30T09:52:16","date_gmt":"2026-05-30T09:52:16","guid":{"rendered":"https:\/\/www.europesays.com\/de\/1056899\/"},"modified":"2026-05-30T09:52:16","modified_gmt":"2026-05-30T09:52:16","slug":"holstein-kiel-darum-verlaengert-trainer-tim-walter-nur-ein-jahr-sport","status":"publish","type":"post","link":"https:\/\/www.europesays.com\/de\/1056899\/","title":{"rendered":"Holstein Kiel: Darum verl\u00e4ngert Trainer Tim Walter nur ein Jahr | Sport"},"content":{"rendered":"<p><a class=\"skip-content skip-content--link\" href=\"#in-content-skip-link-target-v-0-0\">TTS-Player \u00fcberspringen\u21b5<\/a><a id=\"in-content-skip-link-target-v-0-0\" class=\"skip-content--target-link-hidden skip-content skip-content--target-link\" href=\"#in-content-skip-link-target-v-0-0\">Artikel weiterlesen<\/a><\/p>\n<p data-21134c99=\"0-2076\"><b>Als Tim Walter (50) Ende Februar den Trainer-Posten von Marcel Rapp (47) bei Zweitligist Holstein Kiel \u00fcbernahm, war die Zusammenarbeit auf kurzfristigen Erfolg angelegt: Vertrag bis Saisonende, Rettung schaffen \u2013 dann schauen wir weiter. Der Klassenerhalt wurde einget\u00fctet, der Kontrakt mit Walter jetzt verl\u00e4ngert. Aber: Nur f\u00fcr eine weitere Saison. Was steckt dahinter?<\/b><\/p>\n<p data-21134c99=\"0-2076\">Nach der erfolgreichen R\u00fcckrunde mit einem am Ende noch entspannten Tabellenplatz 12 blickt <a href=\"https:\/\/www.bild.de\/sport\/fussball\/kieler-sv-holstein\/startseite-kiel-52363046.bild.html\" class=\"text-link\" rel=\"nofollow noopener\" target=\"_blank\">Kiel<\/a> wieder nach oben. Mittelma\u00df in der <a href=\"https:\/\/www.bild.de\/sport\/fussball\/2-bundesliga\/2-liga-startseite-52368772.bild.html\" class=\"text-link\" rel=\"nofollow noopener\" target=\"_blank\">2. Liga<\/a> ist nat\u00fcrlich nicht der Anspruch des <a href=\"https:\/\/www.bild.de\/sport\/fussball\/bundesliga\/bundesliga-startseite-52368768.bild.html\" class=\"text-link\" rel=\"nofollow noopener\" target=\"_blank\">Bundesliga<\/a>-Klubs aus der Saison 2024\/25. Oder, wie es Gesch\u00e4ftsf\u00fchrer Olaf Rebbe (48) formuliert: \u201eWir haben in einem intensiven Austausch unsere Ziele und Vorstellungen f\u00fcr die kommende Spielzeit diskutiert und erarbeitet, welche Voraussetzungen daf\u00fcr gegeben sein m\u00fcssen. Als Ergebnis steht nun das Commitment, die erfolgreiche Zusammenarbeit in der kommenden Saison in gleicher Konstellation fortzuf\u00fchren und die ohne Frage herausfordernde Aufgabe nachhaltig und konsequent anzugehen.\u201c<\/p>\n<p>Holstein Kiel: Tim Walter verl\u00e4ngert Vertrag um ein Jahr<\/p>\n<p data-21134c99=\"0-2076\">Eine Zusammenarbeit f\u00fcr zun\u00e4chst nur ein Jahr wird dabei von beiden Seiten als smarte L\u00f6sung angesehen. Danach wird Kassensturz gemacht: Welche Ziele wurden erreicht? Funktioniert der gemeinsame Weg? Klar ist: Bisher ist man in Kiel maximal zufrieden mit R\u00fcckkehrer Walter (war schon 2018\/19 bei Holstein). Die Mannschaft habe wieder eine klare Spielidee, die Energie sei zur\u00fcck.<\/p>\n<p data-21134c99=\"0-2076\">Walter, der kurz vor seiner Unterschrift noch <a href=\"https:\/\/www.bild.de\/sport\/fussball\/2-liga-tim-walter-sagt-vfl-wolfsburg-ab-und-verlaengert-bei-holstein-kiel-6a19c607bf5b78f90d0086a3\" class=\"text-link\" rel=\"nofollow noopener\" target=\"_blank\">bei einer Blitzanfrage von Absteiger Wolfsburg abwinkte<\/a>, ist jedenfalls hei\u00df: \u201eIch sp\u00fcre von allen im Verein, den Verantwortlichen, Mitarbeitenden, dem Trainer- und Funktionsteam und den Spielern, gro\u00dfes Vertrauen und \u00dcberzeugung. Der Verein besitzt Potenzial, eine klare Idee und ein Umfeld, das nachhaltig, aber auch ambitioniert denkt und arbeitet. Ich freue mich daher sehr auf die t\u00e4gliche Zusammenarbeit mit jedem einzelnen hier.\u201c<\/p>\n<p>Mehr zum Thema<\/p>\n<p data-21134c99=\"0-2076\">Neben Walter bleiben auch die Assistenten Dirk Bremser (60), Julian H\u00fcbner (42) und Michael Wimmer (45).<\/p>\n","protected":false},"excerpt":{"rendered":"TTS-Player \u00fcberspringen\u21b5Artikel weiterlesen Als Tim Walter (50) Ende Februar den Trainer-Posten von Marcel Rapp (47) bei Zweitligist Holstein&hellip;\n","protected":false},"author":2,"featured_media":1056900,"comment_status":"","ping_status":"","sticky":false,"template":"","format":"standard","meta":{"footnotes":"","_share_on_mastodon":"0"},"categories":[1852],"tags":[3364,29,548,663,3934,30,13,10243,4949,14,15,48043,10905,12,1971,542,154189,784],"class_list":["post-1056899","post","type-post","status-publish","format-standard","has-post-thumbnail","category-kiel","tag-de","tag-deutschland","tag-eu","tag-europa","tag-europe","tag-germany","tag-headlines","tag-holstein-kiel","tag-kiel","tag-nachrichten","tag-news","tag-rapp-marcel","tag-rebbe-olaf","tag-schlagzeilen","tag-schleswig-holstein","tag-sport-leuchtturm-hamburg","tag-walter-tim","tag-zweite-bundesliga"],"share_on_mastodon":{"url":"https:\/\/pubeurope.com\/@de\/116662917257336218","error":""},"_links":{"self":[{"href":"https:\/\/www.europesays.com\/de\/wp-json\/wp\/v2\/posts\/1056899","targetHints":{"allow":["GET"]}}],"collection":[{"href":"https:\/\/www.europesays.com\/de\/wp-json\/wp\/v2\/posts"}],"about":[{"href":"https:\/\/www.europesays.com\/de\/wp-json\/wp\/v2\/types\/post"}],"author":[{"embeddable":true,"href":"https:\/\/www.europesays.com\/de\/wp-json\/wp\/v2\/users\/2"}],"replies":[{"embeddable":true,"href":"https:\/\/www.europesays.com\/de\/wp-json\/wp\/v2\/comments?post=1056899"}],"version-history":[{"count":0,"href":"https:\/\/www.europesays.com\/de\/wp-json\/wp\/v2\/posts\/1056899\/revisions"}],"wp:featuredmedia":[{"embeddable":true,"href":"https:\/\/www.europesays.com\/de\/wp-json\/wp\/v2\/media\/1056900"}],"wp:attachment":[{"href":"https:\/\/www.europesays.com\/de\/wp-json\/wp\/v2\/media?parent=1056899"}],"wp:term":[{"taxonomy":"category","embeddable":true,"href":"https:\/\/www.europesays.com\/de\/wp-json\/wp\/v2\/categories?post=1056899"},{"taxonomy":"post_tag","embeddable":true,"href":"https:\/\/www.europesays.com\/de\/wp-json\/wp\/v2\/tags?post=1056899"}],"curies":[{"name":"wp","href":"https:\/\/api.w.org\/{rel}","templated":true}]}}