{"id":1057129,"date":"2026-05-30T12:10:22","date_gmt":"2026-05-30T12:10:22","guid":{"rendered":"https:\/\/www.europesays.com\/de\/1057129\/"},"modified":"2026-05-30T12:10:22","modified_gmt":"2026-05-30T12:10:22","slug":"waghalsige-ueberholmanoever-in-leipzig-fahrer-fluechtet-nach-unfall-bei-fahrrad-demo","status":"publish","type":"post","link":"https:\/\/www.europesays.com\/de\/1057129\/","title":{"rendered":"Waghalsige \u00dcberholman\u00f6ver in Leipzig: Fahrer fl\u00fcchtet nach Unfall bei Fahrrad-Demo"},"content":{"rendered":"<p class=\"text\">\nZwei Menschen sind bei einem Unfall in Leipzig verletzt worden. Ein Autofahrer wollte eine Fahrraddemo \u00fcberholen, wodurch es zu dem Unfall kam. Der 21-J\u00e4hrige fuhr am Freitagabend hinter der Demonstration im Zentrum-West, als er laut Polizei trotz Gegenverkehr zum \u00dcberholen ansetzte. Demnach unterschritt er wiederholt den Mindestabstand zu den Radfahrern und musste den Vorgang mehrfach abbrechen.\n<\/p>\n<p>Zwei Menschen leicht verletzt<\/p>\n<p class=\"text\">\nDer Polizei zufolge ist eine 24-j\u00e4hrige Radfahrerin durch die wiederholten \u00dcberholman\u00f6ver mit ihrem Vorderrad in eine Stra\u00dfenbahnschiene geraten. Dabei habe sie sich beim Sturz leicht verletzt. Ein weiterer Radfahrer bef\u00fcrchtete Polizeiangaben nach eine Kollision. Er sprang von seinem Fahrrad und verletzte sich dabei leicht, wie es hie\u00df. Demnach \u00fcberrollte das Auto das herrenlose Fahrrad des 28-J\u00e4hrigen.\u00a0\n<\/p>\n<p class=\"text\">\nDa die Situation zun\u00e4chst unklar und der Fahrer gefl\u00fcchtet war, war die Polizei eigenen Angaben nach anfangs mit mehr als 30 Beamten im Einsatz. Knapp zwei Stunden nach dem Unfall sei der Autofahrer gestellt worden.\n<\/p>\n<p>Ermittlungsma\u00dfnahmen eingeleitet<\/p>\n<p class=\"text\">\nTests auf Alkohol oder Drogen waren der Polizei zufolge negativ. Auch Hinweise auf einen politischen Hintergrund w\u00fcrden nicht vorliegen. Am Fahrzeug wurden demnach Spuren genommen und das Auto danach an den 21-J\u00e4hrigen \u00fcbergeben. Gegen ihn werde wegen Gef\u00e4hrdung des Stra\u00dfenverkehrs und weiterer Verkehrsdelikte ermittelt.<\/p>\n","protected":false},"excerpt":{"rendered":"Zwei Menschen sind bei einem Unfall in Leipzig verletzt worden. Ein Autofahrer wollte eine Fahrraddemo \u00fcberholen, wodurch es&hellip;\n","protected":false},"author":2,"featured_media":1057130,"comment_status":"","ping_status":"","sticky":false,"template":"","format":"standard","meta":{"footnotes":"","_share_on_mastodon":"0"},"categories":[1832],"tags":[3364,3387,29,5516,1234,30,71,81,14,859,1284,5185],"class_list":["post-1057129","post","type-post","status-publish","format-standard","has-post-thumbnail","category-leipzig","tag-de","tag-demo","tag-deutschland","tag-fahrerflucht","tag-fahrrad","tag-germany","tag-leipzig","tag-mdr","tag-nachrichten","tag-sachsen","tag-unfall","tag-verletzt"],"share_on_mastodon":{"url":"","error":""},"_links":{"self":[{"href":"https:\/\/www.europesays.com\/de\/wp-json\/wp\/v2\/posts\/1057129","targetHints":{"allow":["GET"]}}],"collection":[{"href":"https:\/\/www.europesays.com\/de\/wp-json\/wp\/v2\/posts"}],"about":[{"href":"https:\/\/www.europesays.com\/de\/wp-json\/wp\/v2\/types\/post"}],"author":[{"embeddable":true,"href":"https:\/\/www.europesays.com\/de\/wp-json\/wp\/v2\/users\/2"}],"replies":[{"embeddable":true,"href":"https:\/\/www.europesays.com\/de\/wp-json\/wp\/v2\/comments?post=1057129"}],"version-history":[{"count":0,"href":"https:\/\/www.europesays.com\/de\/wp-json\/wp\/v2\/posts\/1057129\/revisions"}],"wp:featuredmedia":[{"embeddable":true,"href":"https:\/\/www.europesays.com\/de\/wp-json\/wp\/v2\/media\/1057130"}],"wp:attachment":[{"href":"https:\/\/www.europesays.com\/de\/wp-json\/wp\/v2\/media?parent=1057129"}],"wp:term":[{"taxonomy":"category","embeddable":true,"href":"https:\/\/www.europesays.com\/de\/wp-json\/wp\/v2\/categories?post=1057129"},{"taxonomy":"post_tag","embeddable":true,"href":"https:\/\/www.europesays.com\/de\/wp-json\/wp\/v2\/tags?post=1057129"}],"curies":[{"name":"wp","href":"https:\/\/api.w.org\/{rel}","templated":true}]}}