{"id":1057135,"date":"2026-05-30T12:13:19","date_gmt":"2026-05-30T12:13:19","guid":{"rendered":"https:\/\/www.europesays.com\/de\/1057135\/"},"modified":"2026-05-30T12:13:19","modified_gmt":"2026-05-30T12:13:19","slug":"aufwendige-bergung-in-stuttgart-kind-lenkt-fahrer-ab-bus-steht-ploetzlich-quer-und-blockiert-strasse-stundenlang","status":"publish","type":"post","link":"https:\/\/www.europesays.com\/de\/1057135\/","title":{"rendered":"Aufwendige Bergung in Stuttgart: Kind lenkt Fahrer ab \u2013 Bus steht pl\u00f6tzlich quer und blockiert Stra\u00dfe stundenlang"},"content":{"rendered":"<p>\t\t\t\t\t\t\t\t\t\t\t\t\t\t\t\t\t\t\t\t\t\t\t\t\t\t\t\t      \t\t            \t\t             \t\t\t\t   \t\t\t\t\t   <img decoding=\"async\" id=\"article-image\" fetchpriority=\"high\" alt=\"Aufwendige Bergung in Stuttgart: Kind lenkt Fahrer ab \u2013 Bus steht pl\u00f6tzlich quer und blockiert Stra\u00dfe stundenlang\" title=\"Aufwendige Bergung in Stuttgart: Kind lenkt Fahrer ab \u2013 Bus steht pl\u00f6tzlich quer und blockiert Stra\u00dfe stundenlang\" src=\"https:\/\/www.europesays.com\/de\/wp-content\/uploads\/2026\/05\/media.media.f642c38b-358b-40d4-8247-722dd1d0d8e4.16x9_700.jpg\" data-linkto=\"https:\/\/www.stuttgarter-nachrichten.de\/javascript:void(0);\"\/>\t\t\t\t\t\t\t\t\t\t\t\t\t\t\t\t\t\t\t\t\t\t\t\tDer Bus der Linie 82 in der Nacht auf Samstag in Stuttgart-Rohr.\u00a0Foto: privat\/Druki\t\t\t<\/p>\n<p>In Stuttgart-Rohr steht in der Nacht zum Samstag ein riesiger Bus quer zur Fahrbahn. Die Bergung zieht sich \u00fcber Stunden.<\/p>\n<p>Ein kleiner <a href=\"https:\/\/www.stuttgarter-nachrichten.de\/thema\/Junge\" title=\"Junge\" class=\"art_thema\" rel=\"nofollow noopener\" target=\"_blank\">Junge<\/a> hat am Freitagabend in <a href=\"https:\/\/www.stuttgarter-nachrichten.de\/thema\/Stuttgart-Rohr\" title=\"Stuttgart-Rohr\" class=\"art_thema\" rel=\"nofollow noopener\" target=\"_blank\">Stuttgart-Rohr<\/a> indirekt daf\u00fcr gesorgt, dass ein <a href=\"https:\/\/www.stuttgarter-nachrichten.de\/thema\/Bus\" title=\"Bus\" class=\"art_thema\" rel=\"nofollow noopener\" target=\"_blank\">Bus<\/a> stecken geblieben ist. Gegen 21.30 Uhr endete die Fahrt des Gelenkbusses der Linie 82 abrupt und ungewollt an der Haltestelle Rohr Mitte \u2013 es ging weder vor noch zur\u00fcck. <\/p>\n<p>Wie die <a href=\"https:\/\/www.stuttgarter-nachrichten.de\/thema\/Polizei\" title=\"Polizei\" class=\"art_thema\" rel=\"nofollow noopener\" target=\"_blank\">Polizei<\/a> best\u00e4tigt, hatte ein Kind, das wohl von zuhause weggelaufen war und alleine mit dem Bus fuhr, mehrfach den Halteknopf gedr\u00fcckt. Weil der Fahrer offenbar abgelenkt war, verpasste er eine Abzweigung und wollte in der Folge wenden. <\/p>\n<p>  <img decoding=\"async\" loading=\"lazy\" src=\"https:\/\/www.europesays.com\/de\/wp-content\/uploads\/2026\/05\/media.media.1d35600a-ef64-45bd-9d30-bffed3a75836.original1024.media.jpeg\"\/>     Mit Hilfe eines riesigen Abschleppfahrzeugs wurde der Bus wieder auf die Stra\u00dfe gestellt.    Foto: privat\/Druki    Bergungsaktion dauert bis tief in die Nacht <\/p>\n<p>Wie Zeugen berichten, endete das Man\u00f6ver damit, dass der Bus \u00fcber einen Bordstein fuhr und stecken blieb. Er wurde dabei offenbar auch besch\u00e4digt. F\u00fcr die Fahrg\u00e4ste sei die Fahrt damit vorzeitig beendet gewesen. Bei der <a href=\"https:\/\/www.stuttgarter-nachrichten.de\/thema\/SSB\" title=\"SSB\" class=\"art_thema\" rel=\"nofollow noopener\" target=\"_blank\">SSB<\/a> war am Samstag niemand f\u00fcr eine Stellungnahme zu erreichen. <\/p>\n<p>Offenbar war schweres Ger\u00e4t notwendig, um den Bus wieder in die Spur zu bringen. Er wurde auf beiden Seiten mit Wagenhebern angehoben, sodass ein Abschleppfahrzeug ihn wieder in die richtige Richtung ziehen konnte. Der tonnenschwere Bus schaffte es alleine in eine Werkstatt. Die Bergungsaktion dauerte offenbar bis tief in die Nacht. Erst gegen kurz vor 2.30 Uhr sei sie beendet gewesen.<\/p>\n<p>Nach Auskunft eines Polizeisprechers sei der Junge wieder zu seiner Mutter gebracht worden. Die Frau hatte den Spr\u00f6ssling bereits vermisst. <\/p>\n","protected":false},"excerpt":{"rendered":"Der Bus der Linie 82 in der Nacht auf Samstag in Stuttgart-Rohr.\u00a0Foto: privat\/Druki In Stuttgart-Rohr steht in der&hellip;\n","protected":false},"author":2,"featured_media":1057136,"comment_status":"","ping_status":"","sticky":false,"template":"","format":"standard","meta":{"footnotes":"","_share_on_mastodon":"0"},"categories":[1830],"tags":[1634,22076,10415,3364,29,30,16731,121,6842,1441,43956,1284,24814],"class_list":["post-1057135","post","type-post","status-publish","format-standard","has-post-thumbnail","category-stuttgart","tag-baden-wuerttemberg","tag-bergung","tag-bus","tag-de","tag-deutschland","tag-germany","tag-junge","tag-polizei","tag-ssb","tag-stuttgart","tag-stuttgart-rohr","tag-unfall","tag-wendemanoever"],"share_on_mastodon":{"url":"https:\/\/pubeurope.com\/@de\/116663473253043278","error":""},"_links":{"self":[{"href":"https:\/\/www.europesays.com\/de\/wp-json\/wp\/v2\/posts\/1057135","targetHints":{"allow":["GET"]}}],"collection":[{"href":"https:\/\/www.europesays.com\/de\/wp-json\/wp\/v2\/posts"}],"about":[{"href":"https:\/\/www.europesays.com\/de\/wp-json\/wp\/v2\/types\/post"}],"author":[{"embeddable":true,"href":"https:\/\/www.europesays.com\/de\/wp-json\/wp\/v2\/users\/2"}],"replies":[{"embeddable":true,"href":"https:\/\/www.europesays.com\/de\/wp-json\/wp\/v2\/comments?post=1057135"}],"version-history":[{"count":0,"href":"https:\/\/www.europesays.com\/de\/wp-json\/wp\/v2\/posts\/1057135\/revisions"}],"wp:featuredmedia":[{"embeddable":true,"href":"https:\/\/www.europesays.com\/de\/wp-json\/wp\/v2\/media\/1057136"}],"wp:attachment":[{"href":"https:\/\/www.europesays.com\/de\/wp-json\/wp\/v2\/media?parent=1057135"}],"wp:term":[{"taxonomy":"category","embeddable":true,"href":"https:\/\/www.europesays.com\/de\/wp-json\/wp\/v2\/categories?post=1057135"},{"taxonomy":"post_tag","embeddable":true,"href":"https:\/\/www.europesays.com\/de\/wp-json\/wp\/v2\/tags?post=1057135"}],"curies":[{"name":"wp","href":"https:\/\/api.w.org\/{rel}","templated":true}]}}