{"id":105718,"date":"2025-05-12T21:43:21","date_gmt":"2025-05-12T21:43:21","guid":{"rendered":"https:\/\/www.europesays.com\/de\/105718\/"},"modified":"2025-05-12T21:43:21","modified_gmt":"2025-05-12T21:43:21","slug":"hoffen-auf-harte-strafe-fuer-mutmasslichen-attentaeter-von-solingen","status":"publish","type":"post","link":"https:\/\/www.europesays.com\/de\/105718\/","title":{"rendered":"Hoffen auf harte Strafe f\u00fcr mutma\u00dflichen Attent\u00e4ter von Solingen"},"content":{"rendered":"<p class=\"text_ohne_einzug richtext text-em-55 !leading-serif mx-6 desktop:mx-0\">Die Tat hatte \u2013 \u00fcber die deutschen Grenzen hinaus \u2013 weltweit f\u00fcr Entsetzen gesorgt. Bei der Feier zum 650. Stadtgeburtstag Solingens fielen auf dem Fronhof mitten in der Innenstadt am Abend des 23. August 2024 drei Menschen einem islamistisch motivierten Terroranschlag zum Opfer. Und mehrere andere Personen erlitten dar\u00fcber hinaus zum Teil schwere Verletzungen \u2013 wobei die Erinnerung an die Tat bei vielen Opfern, aber auch bei Augenzeugen des Messerangriffs bis zum heutigen Tag nach wie vor allgegenw\u00e4rtig ist.<\/p>\n","protected":false},"excerpt":{"rendered":"Die Tat hatte \u2013 \u00fcber die deutschen Grenzen hinaus \u2013 weltweit f\u00fcr Entsetzen gesorgt. Bei der Feier zum&hellip;\n","protected":false},"author":2,"featured_media":105719,"comment_status":"","ping_status":"","sticky":false,"template":"","format":"standard","meta":{"footnotes":""},"categories":[1840],"tags":[3364,29,30,1209,31252,7223,4418,8678],"class_list":{"0":"post-105718","1":"post","2":"type-post","3":"status-publish","4":"format-standard","5":"has-post-thumbnail","7":"category-wuppertal","8":"tag-de","9":"tag-deutschland","10":"tag-germany","11":"tag-nordrhein-westfalen","12":"tag-oberpriller","13":"tag-solingen","14":"tag-wuppertal","15":"tag-xxxx"},"share_on_mastodon":{"url":"https:\/\/pubeurope.com\/@de\/114497048101949132","error":""},"_links":{"self":[{"href":"https:\/\/www.europesays.com\/de\/wp-json\/wp\/v2\/posts\/105718","targetHints":{"allow":["GET"]}}],"collection":[{"href":"https:\/\/www.europesays.com\/de\/wp-json\/wp\/v2\/posts"}],"about":[{"href":"https:\/\/www.europesays.com\/de\/wp-json\/wp\/v2\/types\/post"}],"author":[{"embeddable":true,"href":"https:\/\/www.europesays.com\/de\/wp-json\/wp\/v2\/users\/2"}],"replies":[{"embeddable":true,"href":"https:\/\/www.europesays.com\/de\/wp-json\/wp\/v2\/comments?post=105718"}],"version-history":[{"count":0,"href":"https:\/\/www.europesays.com\/de\/wp-json\/wp\/v2\/posts\/105718\/revisions"}],"wp:featuredmedia":[{"embeddable":true,"href":"https:\/\/www.europesays.com\/de\/wp-json\/wp\/v2\/media\/105719"}],"wp:attachment":[{"href":"https:\/\/www.europesays.com\/de\/wp-json\/wp\/v2\/media?parent=105718"}],"wp:term":[{"taxonomy":"category","embeddable":true,"href":"https:\/\/www.europesays.com\/de\/wp-json\/wp\/v2\/categories?post=105718"},{"taxonomy":"post_tag","embeddable":true,"href":"https:\/\/www.europesays.com\/de\/wp-json\/wp\/v2\/tags?post=105718"}],"curies":[{"name":"wp","href":"https:\/\/api.w.org\/{rel}","templated":true}]}}