{"id":1057198,"date":"2026-05-30T12:48:16","date_gmt":"2026-05-30T12:48:16","guid":{"rendered":"https:\/\/www.europesays.com\/de\/1057198\/"},"modified":"2026-05-30T12:48:16","modified_gmt":"2026-05-30T12:48:16","slug":"rad-demo-ueber-die-autobahn-in-chemnitz-angekuendigt-wird-die-a-72-wirklich-gesperrt","status":"publish","type":"post","link":"https:\/\/www.europesays.com\/de\/1057198\/","title":{"rendered":"Rad-Demo \u00fcber die Autobahn in Chemnitz angek\u00fcndigt: Wird die A 72 wirklich gesperrt?"},"content":{"rendered":"<p class=\"text text--s\">\n\t\t\t\tFreie Presse auf Google News folgen\n\t\t\t<\/p>\n<p class=\"bold\">\n\t\t\t\t\t\t\t\t\t\tEin Flyer macht im Netz die Runde. Unter dem Motto \u201eVerkehrswende jetzt\u201c wird eine Demonstration angek\u00fcndigt. Diese soll auch \u00fcber die Autobahn f\u00fchren. Was die Stadt dazu sagt.\t\t\t\t<\/p>\n<p>\t\t\t\t Wer der Anmelder ist, ist nicht klar. Bekannt ist lediglich, dass es sich um eine Privatperson handeln soll. F\u00fcr den 6. Juni wird per Flyer, der unter anderem auf verschiedenen Instagram-Profilen geteilt wurde, zu einer Rad-Demo in Chemnitz aufgerufen. Ungew\u00f6hnlich daran ist, dass die Route erst durch die Stadt und dann auch \u00fcber die Autobahn&#8230;<\/p>\n<p>\t\t<img decoding=\"async\" class=\"fp-plus-logo\" src=\"https:\/\/www.freiepresse.de\/img\/fpplus.svg\" alt=\"Freie Presse plus Logo\"\/><\/p>\n<p>Registrieren und testen.<\/p>\n<p>Jetzt mit Ihrer Registrierung 1 Monat gratis testen und alle Beitr\u00e4ge lesen.<\/p>\n<p>Schon Abonnent? Melden Sie sich mit ihren Zugangsdaten an.<\/p>\n","protected":false},"excerpt":{"rendered":"Freie Presse auf Google News folgen Ein Flyer macht im Netz die Runde. Unter dem Motto \u201eVerkehrswende jetzt\u201c&hellip;\n","protected":false},"author":2,"featured_media":1057199,"comment_status":"","ping_status":"","sticky":false,"template":"","format":"standard","meta":{"footnotes":"","_share_on_mastodon":"0"},"categories":[1851],"tags":[2770,3364,3388,29,548,663,3934,30,13,14,15,859,12],"class_list":["post-1057198","post","type-post","status-publish","format-standard","has-post-thumbnail","category-chemnitz","tag-chemnitz","tag-de","tag-demos","tag-deutschland","tag-eu","tag-europa","tag-europe","tag-germany","tag-headlines","tag-nachrichten","tag-news","tag-sachsen","tag-schlagzeilen"],"share_on_mastodon":{"url":"https:\/\/pubeurope.com\/@de\/116663610587636950","error":""},"_links":{"self":[{"href":"https:\/\/www.europesays.com\/de\/wp-json\/wp\/v2\/posts\/1057198","targetHints":{"allow":["GET"]}}],"collection":[{"href":"https:\/\/www.europesays.com\/de\/wp-json\/wp\/v2\/posts"}],"about":[{"href":"https:\/\/www.europesays.com\/de\/wp-json\/wp\/v2\/types\/post"}],"author":[{"embeddable":true,"href":"https:\/\/www.europesays.com\/de\/wp-json\/wp\/v2\/users\/2"}],"replies":[{"embeddable":true,"href":"https:\/\/www.europesays.com\/de\/wp-json\/wp\/v2\/comments?post=1057198"}],"version-history":[{"count":0,"href":"https:\/\/www.europesays.com\/de\/wp-json\/wp\/v2\/posts\/1057198\/revisions"}],"wp:featuredmedia":[{"embeddable":true,"href":"https:\/\/www.europesays.com\/de\/wp-json\/wp\/v2\/media\/1057199"}],"wp:attachment":[{"href":"https:\/\/www.europesays.com\/de\/wp-json\/wp\/v2\/media?parent=1057198"}],"wp:term":[{"taxonomy":"category","embeddable":true,"href":"https:\/\/www.europesays.com\/de\/wp-json\/wp\/v2\/categories?post=1057198"},{"taxonomy":"post_tag","embeddable":true,"href":"https:\/\/www.europesays.com\/de\/wp-json\/wp\/v2\/tags?post=1057198"}],"curies":[{"name":"wp","href":"https:\/\/api.w.org\/{rel}","templated":true}]}}