{"id":105720,"date":"2025-05-12T21:44:11","date_gmt":"2025-05-12T21:44:11","guid":{"rendered":"https:\/\/www.europesays.com\/de\/105720\/"},"modified":"2025-05-12T21:44:11","modified_gmt":"2025-05-12T21:44:11","slug":"etg-wuppertal-unterliegt-dem-schlusslicht","status":"publish","type":"post","link":"https:\/\/www.europesays.com\/de\/105720\/","title":{"rendered":"ETG Wuppertal unterliegt dem Schlusslicht"},"content":{"rendered":"<p class=\"text_ohne_einzug richtext text-em-55 !leading-serif mx-6 desktop:mx-0\">Nach dem Abstieg in der Halle wird es f\u00fcr die Hockey-Herren der Elberfelder TG auch auf dem Feld schwer, die Klasse zu halten. Nach zwei Niederlagen in den Spielen zwei und drei nach der Winterpause bleiben die Elberfelder auf dem vorletzten Platz der Gruppe A \u2013 einem Abstiegsplatz. Besonders bitter war am Freitagabend die 2:4-Niederlage im ersten Heimspiel 2025 gegen das bis dato noch punktlose Schlusslicht Aachener HC II. Das zeigt sich als wehrhaft, f\u00fchrte zur Pause mit 1:0. In einem starken dritten Viertel schienen die Wuppertaler die Partie drehen zu k\u00f6nnen, gingen durch Finn Becker und Jens Matthey ihrerseits mit 2:1 in Front. Doch Aachen konterte die Hausherren im Schlussviertel eiskalt aus. Deutlich h\u00f6her war die H\u00fcrde dann am Sonntag beim Tabellendritten SW K\u00f6ln II. Erschwerend hinzu kam, dass mit Arvid Kern, Tim Hagedorn, Philipp Kirazli, Jens Matthey, Eric Klammer und Max Borlinghaus etliche Leistungstr\u00e4ger fehlten. Vor diesem Hintergrund waren der Einsatz und der Kampfgeist der Mannschaft anerkennenswert. Sebastian Bovenkamp brachte das Team sogar in F\u00fchrung. Knackpunkt war das dritte Viertel, als K\u00f6ln die ETG-Fehler mit drei Treffern bestrafte und auf 5:1 davonzog. Endstand 6:2. Den zweiten ETG-Treffer erzielt Patrick Seifert. Weiter geht es am Sonntag beim Gladbacher HTC II, der noch in Reichweite ist. Red<\/p>\n","protected":false},"excerpt":{"rendered":"Nach dem Abstieg in der Halle wird es f\u00fcr die Hockey-Herren der Elberfelder TG auch auf dem Feld&hellip;\n","protected":false},"author":2,"featured_media":105721,"comment_status":"","ping_status":"","sticky":false,"template":"","format":"standard","meta":{"footnotes":""},"categories":[1840],"tags":[16539,3364,29,27035,41746,7850,30,6837,41747,1209,25368,41748,21019,4418],"class_list":{"0":"post-105720","1":"post","2":"type-post","3":"status-publish","4":"format-standard","5":"has-post-thumbnail","7":"category-wuppertal","8":"tag-hockey","9":"tag-de","10":"tag-deutschland","11":"tag-elberfelder","12":"tag-etg","13":"tag-feld","14":"tag-germany","15":"tag-jens","16":"tag-matthey","17":"tag-nordrhein-westfalen","18":"tag-schlusslicht","19":"tag-schlussviertel","20":"tag-viertel","21":"tag-wuppertal"},"share_on_mastodon":{"url":"https:\/\/pubeurope.com\/@de\/114497052093030592","error":""},"_links":{"self":[{"href":"https:\/\/www.europesays.com\/de\/wp-json\/wp\/v2\/posts\/105720","targetHints":{"allow":["GET"]}}],"collection":[{"href":"https:\/\/www.europesays.com\/de\/wp-json\/wp\/v2\/posts"}],"about":[{"href":"https:\/\/www.europesays.com\/de\/wp-json\/wp\/v2\/types\/post"}],"author":[{"embeddable":true,"href":"https:\/\/www.europesays.com\/de\/wp-json\/wp\/v2\/users\/2"}],"replies":[{"embeddable":true,"href":"https:\/\/www.europesays.com\/de\/wp-json\/wp\/v2\/comments?post=105720"}],"version-history":[{"count":0,"href":"https:\/\/www.europesays.com\/de\/wp-json\/wp\/v2\/posts\/105720\/revisions"}],"wp:featuredmedia":[{"embeddable":true,"href":"https:\/\/www.europesays.com\/de\/wp-json\/wp\/v2\/media\/105721"}],"wp:attachment":[{"href":"https:\/\/www.europesays.com\/de\/wp-json\/wp\/v2\/media?parent=105720"}],"wp:term":[{"taxonomy":"category","embeddable":true,"href":"https:\/\/www.europesays.com\/de\/wp-json\/wp\/v2\/categories?post=105720"},{"taxonomy":"post_tag","embeddable":true,"href":"https:\/\/www.europesays.com\/de\/wp-json\/wp\/v2\/tags?post=105720"}],"curies":[{"name":"wp","href":"https:\/\/api.w.org\/{rel}","templated":true}]}}