{"id":105726,"date":"2025-05-12T21:47:08","date_gmt":"2025-05-12T21:47:08","guid":{"rendered":"https:\/\/www.europesays.com\/de\/105726\/"},"modified":"2025-05-12T21:47:08","modified_gmt":"2025-05-12T21:47:08","slug":"ukraine-news-westen-versucht-druck-auf-putin-zu-erhoehen","status":"publish","type":"post","link":"https:\/\/www.europesays.com\/de\/105726\/","title":{"rendered":"Ukraine-News: Westen versucht Druck auf Putin zu erh\u00f6hen"},"content":{"rendered":"<p class=\"text\">\nIm <a href=\"https:\/\/www.inforadio.de\/rubriken\/interviews\/2025\/05\/12\/neue-bundesregierung-grenzkontrollen-und-ukraine-matthias-miersch-spd-fraktionsvorsitzender.html\" title=\"Miersch im rbb24 Inforadio\" data-ctrl-link=\"{&#039;id&#039;: &#039;305cbd34-32a6-4001-9f1c-e3f1cf047695&#039;,&#039;type&#039;:&#039;external&#039;,&#039;window&#039;:{&#039;type&#039;:&#039;blank&#039;,&#039;config&#039;:{&#039;title&#039;:&#039;Miersch im rbb24 Inforadio&#039;,&#039;top&#039;:&#039;0&#039;,&#039;left&#039;:&#039;0&#039;,&#039;width&#039;:&#039;0&#039;,&#039;height&#039;:&#039;0&#039;,&#039;status&#039;:&#039;0&#039;,&#039;menubar&#039;:&#039;0&#039;,&#039;location&#039;:&#039;0&#039;,&#039;scroll&#039;:&#039;0&#039;,&#039;toolbar&#039;:&#039;0&#039;,&#039;resizable&#039;:&#039;0&#039;}}}\" target=\"_blank\" rel=\"noopener\">rbb24 Inforadio<\/a> sprach Miersch heute von einem &#8222;deutlichen Hoffnungsschimmer, auch wenn wir nicht wissen, welche Irrungen und Wirrungen noch passieren&#8220;. Zur <a href=\"#Friedensgespraeche\">Bedingung der Bundesregierung<\/a>, vor Friedensgespr\u00e4chen eine Waffenruhe zu haben, erkl\u00e4rte Miersch: &#8222;Das ist nat\u00fcrlich eine wichtige Grundlage. Aber die Dynamik in solchen Prozessen ist, dass man immer wieder schauen muss, was wie m\u00f6glich ist.&#8220; (Quelle: ots)\n<\/p>\n<p>07:19 Uhr | <a name=\"Polen\">Polen<\/a> beschuldigt Russland der Brandstiftung<\/p>\n<p class=\"text\">\nIm Zusammenhang mit dem Brand in einem Einkaufszentrum in Warschau vor einem Jahr hat Polen jetzt russische Geheimdienste beschuldigt. &#8222;Wir wissen jetzt mit Sicherheit, dass das Feuer im Marywilska-Einkaufszentrum in Warschau durch Brandstiftung verursacht wurde, die von den russischen Spezialdiensten angeordnet wurde&#8220;, erkl\u00e4rte der polnische Regierungschef Donald Tusk gestern.\u00a0 In einer gemeinsamen Erkl\u00e4rung des Justiz- und des Innenministeriums hie\u00df es, einige der mutma\u00dflichen T\u00e4ter seien in Haft. Von weiteren sei die Identit\u00e4t festgestellt worden. Im Mai 2024 hatte das Feuer ein Einkaufszentrum mit 1.400 L\u00e4den in Warschau zerst\u00f6rt. Bisher hatte Polen darauf verzichtet, Russland zu beschuldigen. (Quelle: AFP)\n<\/p>\n<p>07:10 Uhr | Drohnenangriff auf ukrainische Eisenbahn<\/p>\n<p class=\"text\">\nBei einem russischen Drohnenangriff auf die Eisenbahn-Infrastruktur in der Region Donezk ist nach ukrainischen Angaben der Lokf\u00fchrer eines zivilen G\u00fcterzugs verletzt worden. Von der Eisenbahngesellschaft Ukrsalisnyzja hie\u00df es: &#8222;Vorschl\u00e4ge zu einem Waffenstillstand werden ignoriert, feindliche Angriffe auf die Eisenbahn-Infrastruktur gehen weiter.&#8220; (Quelle: Reuters)\n<\/p>\n<p>06:59 Uhr | Merz telefoniert mit Rubio<\/p>\n<p class=\"text\">\nUS-Au\u00dfenminister Marco Rubio hat mit Bundeskanzler Friedrich Merz \u00fcber die Ukraine gesprochen. Er gratuliert Merz in einem Telefonat zu seiner Ernennung als Kanzler. Rubio bekr\u00e4ftigt das gemeinsame Ziel der USA und Deutschlands, den Krieg in der Ukraine zu beenden. (Quelle: Reuters)\n<\/p>\n<p>05:45 Uhr | <a name=\"Melnyk\">Melnyk<\/a> kritisiert Merz wegen Geheimhaltung<\/p>\n<p class=\"text\">\nDer ukrainische Diplomat Andrij Melnyk hat den neuen Bundeskanzler Friedrich Merz (CDU) f\u00fcr die R\u00fcckkehr zur Geheimhaltung bei Waffenlieferungen in die Ukraine kritisiert. &#8222;Da werden b\u00f6se Erinnerungen wieder wach an die Zeit, als die Ampel-Regierung im Fr\u00fchjahr 2022 mit Geheimhaltung fehlende Milit\u00e4runterst\u00fctzung verschleiern wollte&#8220;, sagte der fr\u00fchere Botschafter in Deutschland.\u00a0(Quelle: dpa)\n<\/p>\n<p>01:40 Uhr | Ukraine-Konferenz heute in <a name=\"London\">London<\/a><\/p>\n<p class=\"text\">\nDer britische Au\u00dfenminister David Lammy empf\u00e4ngt heute Au\u00dfenminister Johann Wadephul (CDU), Vertreter aus Frankreich, Italien, Spanien, Polen und der EU sowie den ukrainischen Au\u00dfenminister Andrij Sybiha in der britischen Hauptstadt, um \u00fcber ein Ende des Ukraine-Kriegs zu beraten. (Quelle: dpa)\n<\/p>\n<p>00:10 Uhr | Frei: <a name=\"Friedensgespraeche\">Gespr\u00e4che<\/a> ohne Waffenruhe sinnlos<\/p>\n<p class=\"text\">\nDie Bundesregierung beharrt darauf, dass Russland vor Friedensverhandlungen zu einer Waffenruhe bereite sein m\u00fcsse. &#8222;Dass die Reihenfolge so sein muss, erst der Waffenstillstand und dann die Gespr\u00e4che, das gebietet ja eigentlich schon der gesunde Menschenverstand&#8220;, sagte Kanzleramtschef Thorsten Frei in der ARD-Sendung &#8222;Caren Miosga&#8220;.\u00a0Zuletzt habe man gesehen, dass sich Kreml-Chef Wladimir Putin an Feuerpausen nicht gehalten habe, sagte der CDU-Politiker. Der Raketenbeschuss habe sogar noch zugenommen. Verhandlungen in Istanbul ohne eine Waffenruhe w\u00fcrden aus seiner Sicht &#8222;keinen Sinn machen&#8220;, sagte Frei. (Quelle: dpa)<\/p>\n","protected":false},"excerpt":{"rendered":"Im rbb24 Inforadio sprach Miersch heute von einem &#8222;deutlichen Hoffnungsschimmer, auch wenn wir nicht wissen, welche Irrungen und&hellip;\n","protected":false},"author":2,"featured_media":105727,"comment_status":"","ping_status":"","sticky":false,"template":"","format":"standard","meta":{"footnotes":""},"categories":[4013],"tags":[331,332,227,19932,13,145,4046,81,14,15,111,4043,4044,850,307,859,860,12,116,861,317,6168,580,103],"class_list":{"0":"post-105726","1":"post","2":"type-post","3":"status-publish","4":"format-standard","5":"has-post-thumbnail","7":"category-russland","8":"tag-aktuelle-nachrichten","9":"tag-aktuelle-news","10":"tag-china","11":"tag-frei","12":"tag-headlines","13":"tag-istanbul","14":"tag-krieg","15":"tag-mdr","16":"tag-nachrichten","17":"tag-news","18":"tag-putin","19":"tag-russia","20":"tag-russian-federation","21":"tag-russische-foederation","22":"tag-russland","23":"tag-sachsen","24":"tag-sachsen-anhalt","25":"tag-schlagzeilen","26":"tag-selenskyj","27":"tag-thueringen","28":"tag-ukraine","29":"tag-verhandlungen","30":"tag-waffenruhe","31":"tag-welt"},"share_on_mastodon":{"url":"https:\/\/pubeurope.com\/@de\/114497063909037134","error":""},"_links":{"self":[{"href":"https:\/\/www.europesays.com\/de\/wp-json\/wp\/v2\/posts\/105726","targetHints":{"allow":["GET"]}}],"collection":[{"href":"https:\/\/www.europesays.com\/de\/wp-json\/wp\/v2\/posts"}],"about":[{"href":"https:\/\/www.europesays.com\/de\/wp-json\/wp\/v2\/types\/post"}],"author":[{"embeddable":true,"href":"https:\/\/www.europesays.com\/de\/wp-json\/wp\/v2\/users\/2"}],"replies":[{"embeddable":true,"href":"https:\/\/www.europesays.com\/de\/wp-json\/wp\/v2\/comments?post=105726"}],"version-history":[{"count":0,"href":"https:\/\/www.europesays.com\/de\/wp-json\/wp\/v2\/posts\/105726\/revisions"}],"wp:featuredmedia":[{"embeddable":true,"href":"https:\/\/www.europesays.com\/de\/wp-json\/wp\/v2\/media\/105727"}],"wp:attachment":[{"href":"https:\/\/www.europesays.com\/de\/wp-json\/wp\/v2\/media?parent=105726"}],"wp:term":[{"taxonomy":"category","embeddable":true,"href":"https:\/\/www.europesays.com\/de\/wp-json\/wp\/v2\/categories?post=105726"},{"taxonomy":"post_tag","embeddable":true,"href":"https:\/\/www.europesays.com\/de\/wp-json\/wp\/v2\/tags?post=105726"}],"curies":[{"name":"wp","href":"https:\/\/api.w.org\/{rel}","templated":true}]}}