{"id":1057485,"date":"2026-05-30T15:40:21","date_gmt":"2026-05-30T15:40:21","guid":{"rendered":"https:\/\/www.europesays.com\/de\/1057485\/"},"modified":"2026-05-30T15:40:21","modified_gmt":"2026-05-30T15:40:21","slug":"vfb-stuttgart-deniz-undav-verlaengert-beim-vfb","status":"publish","type":"post","link":"https:\/\/www.europesays.com\/de\/1057485\/","title":{"rendered":"VfB Stuttgart: Deniz Undav verl\u00e4ngert beim VfB"},"content":{"rendered":"<p>Der <a href=\"https:\/\/www.stuttgarter-zeitung.de\/thema\/VfB_Stuttgart\" title=\"VfB Stuttgart\" class=\"art_thema\" rel=\"nofollow noopener\" target=\"_blank\">VfB Stuttgart<\/a> hat den <a href=\"https:\/\/www.stuttgarter-zeitung.de\/thema\/Vertrag\" title=\"Vertrag\" class=\"art_thema\" rel=\"nofollow noopener\" target=\"_blank\">Vertrag<\/a> mit seinem besten Angreifer verl\u00e4ngert. <a href=\"https:\/\/www.stuttgarter-zeitung.de\/thema\/Deniz_Undav\" title=\"Deniz Undav\" class=\"art_thema\" rel=\"nofollow noopener\" target=\"_blank\">Deniz Undav<\/a> bleibt nach Informationen unserer Redaktion bis mindesten 2029 <a href=\"https:\/\/www.stuttgarter-zeitung.de\/inhalt.vfb-stuttgart-nicht-nur-die-undav-frage-ist-zu-klaeren.63872e31-4a9f-4610-bdd9-f7c0324d10d5.html\" target=\"_blank\" rel=\"nofollow noopener\">beim Club aus Cannstatt<\/a>. Zudem enth\u00e4lt der Kontrakt eine Option auf ein weiteres Jahr \u2013 die sich automatisch aktiviert, wenn Undav entsprechende Zahlen liefert (Einsatzzeiten\/Treffer.) Der Verein und das Lager von Undav einigten sich offenbar sp\u00e4t in der Nacht zum Samstag. Urspr\u00fcnglich war das Arbeitspapier des 29-J\u00e4hrigen bis 2027 g\u00fcltig gewesen. <\/p>\n<p>Der VfB nimmt nach Informationen unserer Redaktion sehr viel Geld f\u00fcr den besten deutschen St\u00fcrmer der abgelaufenen <a href=\"https:\/\/www.stuttgarter-zeitung.de\/thema\/Bundesliga\" title=\"Bundesliga\" class=\"art_thema\" rel=\"nofollow noopener\" target=\"_blank\">Bundesliga<\/a>-Saison (19 Tore) in die Hand. Insgesamt soll das Paket um die 30 Millionen Euro umfassen. Das entspricht im Grunde den kompletten Mehreinnahmen, die der Tabellen-Vierte der Bundesliga durch die Qualifikation f\u00fcr die Champions League generiert. Allein f\u00fcr die Unterschrift soll Undav drei Millionen Euro erhalten.<\/p>\n<p>  Deniz Undav: Eines der Gesichter des Aufschwung beim VfB  <\/p>\n<p>Undav ist eines der Gesichter des sportlichen Aufschwungs der vergangenen Jahre. Nach einer rasanten Entwicklung in bereits fortgeschrittenen Fu\u00dfballer-Alter war der aus der N\u00e4he von Bremen stammende Undav 2023 von Brighton &amp; Hove Albion aus der englischen Premier League ausgeliehen worden. Im Jahr darauf zog der VfB eine Kaufoption, die Engl\u00e4nder zogen eine R\u00fcckkaufoption. Die Verhandlungen zogen sich lange hin, ehe Undav endg\u00fcltig an den Neckar wechselte \u2013 wo er sich bis zu diesem Tage nach eigener Aussage pudelwohl f\u00fchlt. <\/p>\n<p>  <img decoding=\"async\" loading=\"lazy\" src=\"https:\/\/www.europesays.com\/de\/wp-content\/uploads\/2026\/05\/media.media.cdceda9a-4f20-41c9-bb97-3a7b61918b87.original1024.media.jpeg\"\/>     Undav f\u00fchlt sich in Stuttgart wohl. Das hatte der St\u00fcrmer zuletzt immer wieder betont    Foto: Uwe Anspach\/dpa    <\/p>\n<p>Undav geh\u00f6rte unter Trainer Sebastian Hoene\u00df in den vergangenen drei Spielzeiten zu den tragenden S\u00e4ulen des Teams. In seinem ersten Jahr f\u00fcr den VfB erzielte er 18 Treffer, es folgte eine kleine Leistungsdelle (9 Treffer) in seiner zweiten Saison im Trikot mit dem Brustring \u2013 auch Undav selbst war teils nicht zufrieden. In der zur\u00fcckliegenden Saison hat der 29-J\u00e4hrige wieder zur alten St\u00e4rke zur\u00fcckgefunden und wurde mit der <a href=\"https:\/\/www.stuttgarter-zeitung.de\/inhalt.stuermer-des-vfb-stuttgart-neuner-oder-zehner-in-welcher-rolle-der-bundestrainer-deniz-undav-sieht.693bd0ea-f63c-45bc-82d5-5f22e3499e55.html\" target=\"_blank\" rel=\"nofollow noopener\">Nominierung f\u00fcr die Fu\u00dfball-WM<\/a> belohnt.<\/p>\n<p> Dort muss er sich nun keine Gedanken um einen neuen Vertrag machen, sondern sich ganz aufs Fu\u00dfballspielen konzentrieren. Diesen Wunsch hatte Undav mehrfach ge\u00e4u\u00dfert. Mit dem Deal schafft der VfB Stuttgart nach der <a href=\"https:\/\/www.stuttgarter-zeitung.de\/inhalt.vfb-stuttgart-entscheidung-bei-dennis-seimen-gefallen.ecc3cf2e-686d-433e-b0be-6622b0f14cb4.html\" target=\"_blank\" rel=\"nofollow noopener\">Torh\u00fcterposition<\/a> weitere Klarheit auf einer wichtigen Position im Kader, der Deal d\u00fcrfte somit auch Signalwirkung f\u00fcr weitere Akteure haben.<\/p>\n","protected":false},"excerpt":{"rendered":"Der VfB Stuttgart hat den Vertrag mit seinem besten Angreifer verl\u00e4ngert. Deniz Undav bleibt nach Informationen unserer Redaktion&hellip;\n","protected":false},"author":2,"featured_media":1057486,"comment_status":"","ping_status":"","sticky":false,"template":"","format":"standard","meta":{"footnotes":"","_share_on_mastodon":"0"},"categories":[5],"tags":[299,22496,13,14,15,12,10,8,9,11,23950,3165,21415,5975,286,2915,56869],"class_list":["post-1057485","post","type-post","status-publish","format-standard","has-post-thumbnail","category-nachrichten","tag-bundesliga","tag-deniz-undav","tag-headlines","tag-nachrichten","tag-news","tag-schlagzeilen","tag-top-news","tag-top-meldungen","tag-topmeldungen","tag-topnews","tag-transfergeruecht","tag-transfermarkt","tag-undav","tag-verlaengerung","tag-vertrag","tag-vfb-stuttgart","tag-vfbtransfers"],"share_on_mastodon":{"url":"https:\/\/pubeurope.com\/@de\/116664286991041554","error":""},"_links":{"self":[{"href":"https:\/\/www.europesays.com\/de\/wp-json\/wp\/v2\/posts\/1057485","targetHints":{"allow":["GET"]}}],"collection":[{"href":"https:\/\/www.europesays.com\/de\/wp-json\/wp\/v2\/posts"}],"about":[{"href":"https:\/\/www.europesays.com\/de\/wp-json\/wp\/v2\/types\/post"}],"author":[{"embeddable":true,"href":"https:\/\/www.europesays.com\/de\/wp-json\/wp\/v2\/users\/2"}],"replies":[{"embeddable":true,"href":"https:\/\/www.europesays.com\/de\/wp-json\/wp\/v2\/comments?post=1057485"}],"version-history":[{"count":0,"href":"https:\/\/www.europesays.com\/de\/wp-json\/wp\/v2\/posts\/1057485\/revisions"}],"wp:featuredmedia":[{"embeddable":true,"href":"https:\/\/www.europesays.com\/de\/wp-json\/wp\/v2\/media\/1057486"}],"wp:attachment":[{"href":"https:\/\/www.europesays.com\/de\/wp-json\/wp\/v2\/media?parent=1057485"}],"wp:term":[{"taxonomy":"category","embeddable":true,"href":"https:\/\/www.europesays.com\/de\/wp-json\/wp\/v2\/categories?post=1057485"},{"taxonomy":"post_tag","embeddable":true,"href":"https:\/\/www.europesays.com\/de\/wp-json\/wp\/v2\/tags?post=1057485"}],"curies":[{"name":"wp","href":"https:\/\/api.w.org\/{rel}","templated":true}]}}