{"id":1057539,"date":"2026-05-30T16:17:34","date_gmt":"2026-05-30T16:17:34","guid":{"rendered":"https:\/\/www.europesays.com\/de\/1057539\/"},"modified":"2026-05-30T16:17:34","modified_gmt":"2026-05-30T16:17:34","slug":"eintracht-frankfurt-schon-sonntag-frankfurt-vor-trainer-deal-bild","status":"publish","type":"post","link":"https:\/\/www.europesays.com\/de\/1057539\/","title":{"rendered":"Eintracht Frankfurt: Schon Sonntag? Frankfurt vor Trainer-Deal &#8211; BILD"},"content":{"rendered":"<ol>\n<li><a href=\"https:\/\/news.google.com\/rss\/articles\/CBMivAFBVV95cUxNX1dZQ09FR1RSdEtBWm9WSXlDVUhHMnd1NjI0NUtDS0RrS01RY25RNll2SS1sRnk1TmlKUVlmc090M2lGQWRJRlMySWlUSVhHR3NTdTBJLWxoVFRKSUhKekU2OWlncVYzM2dnMm05U0dXTW9NLUl2b3RwNjZFX0JLcnByclRjY2pCUjhtMzdkd0Y0WTBBYk9wcU1xd3A4VHRyZTl5NmM0WnZ5LTRCMm5KQ2laMHVsemljdG85Nw?oc=5\" target=\"_blank\" rel=\"nofollow noopener\">Eintracht Frankfurt: Schon Sonntag? Frankfurt vor Trainer-Deal<\/a>&nbsp;&nbsp;BILD<\/li>\n<li><a href=\"https:\/\/news.google.com\/rss\/articles\/CBMimgFBVV95cUxPSEdnT2NneXQwRmJKYW1nelh4RUdFXzVndHRVRklXbl8tcm1YUGdrT0RFWkM2ZDlQbTdKU0dCejM0MmFMTGRZaUZ2TUxKMXhTN2szcUJ6UEZVTkNmX2prSU51Ums1dGtFaF9GcHV0S0pmdU1xZWFaRUN3WndVdDNzbjVMVFpvLWVfZHFtWW9JVjRYd2h4WTczVFpR?oc=5\" target=\"_blank\" rel=\"nofollow noopener\">H\u00fctters Vertragsunterschrift in Frankfurt r\u00fcckt n\u00e4her<\/a>&nbsp;&nbsp;Kicker<\/li>\n<li><a href=\"https:\/\/news.google.com\/rss\/articles\/CBMiqAFBVV95cUxOaUtjNkVUV0laSkhJd0d2dUNuLXBPaVE1aTRvM1JIUTZmOENJWi03aVQxR01PcmxZRTZxdkZidTNLQnp0aDZWdFBOWW1udEhwUUFLakd1QnVRTXloRWZuVndxVXM1SGFKckZTV3pkRHh6QUc0M0tqUno4ckVIeWx5VXNYa2o0X0RiVjdBenhMeXVpdUl0WERBUUNfcDJPd2Z6eXk1dEZ4N2E?oc=5\" target=\"_blank\" rel=\"nofollow noopener\">Eintracht Frankfurt: Trainer-Deal vor dem Abschluss<\/a>&nbsp;&nbsp;SPORT1<\/li>\n<li><a href=\"https:\/\/news.google.com\/rss\/articles\/CBMixAFBVV95cUxPc0tWLThMWTc5WFVONVZtTW1XaUF3RFZWTzNZXzJXVDRZb080ZzlZd21OZWU3TXBHZHNRVmswdEVubE9ZTEdLclo1WFM3VjBXS0dMaWRQNTdhSUdtNXVWLU52LWFEWk5hNHNmelpkMUd0djBYQzZaUThhbjVzTF9hdjZpLXdXWFFMTXVTd1lWY192aXRMT2NhSmUxNlhSM3djV0VWczl6dGk3UGtoaExJYVkxY3dFeVgxUkJmVU9aN2NBRjFl?oc=5\" target=\"_blank\" rel=\"nofollow noopener\">\u201eKicker\u201c: H\u00fctter und Frankfurt finalisieren Gespr\u00e4che \u2013 R\u00fcckkehr wahrscheinlich<\/a>&nbsp;&nbsp;Transfermarkt<\/li>\n<li><a href=\"https:\/\/news.google.com\/rss\/articles\/CBMihgJBVV95cUxNNWVkb0VVaXhmX1R1NkI1dl9qTnRibGZDVWpwSTlLVkZuUzBDdGJfeWVhcE93RGdRaWZXamI4eHQwazhRWHlncUZMT3JYcE9hV3FTQ3MwbmtlaHZQeHBLZWFuT0dFeVhuSTB4blI3Q3Z4MEk1V051ZDNUa0RJTmM3X2twWnh5UFg2eWVMZGRXRFBrYV9fR1NyaVJWY3R4U1F1U0hnZ2dHNUh0enlILWI1NkZZTm1RVEVJSlpYVkdQZUM2Nlpud0h6Unc4VmdPUUx6T2gzWnhHLUxYemdUc0VqZzhLdjBwMjBMa1BRMFB5bnJHVFRzT3RxYTBvcXdZLTd0TkJYT2ln?oc=5\" target=\"_blank\" rel=\"nofollow noopener\">Die spektakul\u00e4re R\u00fcckkehr nimmt Formen an: Eintracht Frankfurt k\u00f6nnte Anfang der Woche einen neuen Cheftrainer haben<\/a>&nbsp;&nbsp;SPOX.com<\/li>\n<\/ol>\n","protected":false},"excerpt":{"rendered":"Eintracht Frankfurt: Schon Sonntag? Frankfurt vor Trainer-Deal&nbsp;&nbsp;BILD H\u00fctters Vertragsunterschrift in Frankfurt r\u00fcckt n\u00e4her&nbsp;&nbsp;Kicker Eintracht Frankfurt: Trainer-Deal vor dem&hellip;\n","protected":false},"author":2,"featured_media":1057540,"comment_status":"","ping_status":"","sticky":false,"template":"","format":"standard","meta":{"footnotes":"","_share_on_mastodon":"0"},"categories":[5],"tags":[331,332,3364,29,460,538,30,13,16656,47664,7164,14,15,12,469],"class_list":["post-1057539","post","type-post","status-publish","format-standard","has-post-thumbnail","category-nachrichten","tag-aktuelle-nachrichten","tag-aktuelle-news","tag-de","tag-deutschland","tag-eintracht-frankfurt","tag-erste-bundesliga","tag-germany","tag-headlines","tag-hellmann-axel","tag-huetter-adi","tag-kroesche-markus","tag-nachrichten","tag-news","tag-schlagzeilen","tag-sport-leuchtturm-zentral"],"share_on_mastodon":{"url":"https:\/\/pubeurope.com\/@de\/116664431321293355","error":""},"_links":{"self":[{"href":"https:\/\/www.europesays.com\/de\/wp-json\/wp\/v2\/posts\/1057539","targetHints":{"allow":["GET"]}}],"collection":[{"href":"https:\/\/www.europesays.com\/de\/wp-json\/wp\/v2\/posts"}],"about":[{"href":"https:\/\/www.europesays.com\/de\/wp-json\/wp\/v2\/types\/post"}],"author":[{"embeddable":true,"href":"https:\/\/www.europesays.com\/de\/wp-json\/wp\/v2\/users\/2"}],"replies":[{"embeddable":true,"href":"https:\/\/www.europesays.com\/de\/wp-json\/wp\/v2\/comments?post=1057539"}],"version-history":[{"count":0,"href":"https:\/\/www.europesays.com\/de\/wp-json\/wp\/v2\/posts\/1057539\/revisions"}],"wp:featuredmedia":[{"embeddable":true,"href":"https:\/\/www.europesays.com\/de\/wp-json\/wp\/v2\/media\/1057540"}],"wp:attachment":[{"href":"https:\/\/www.europesays.com\/de\/wp-json\/wp\/v2\/media?parent=1057539"}],"wp:term":[{"taxonomy":"category","embeddable":true,"href":"https:\/\/www.europesays.com\/de\/wp-json\/wp\/v2\/categories?post=1057539"},{"taxonomy":"post_tag","embeddable":true,"href":"https:\/\/www.europesays.com\/de\/wp-json\/wp\/v2\/tags?post=1057539"}],"curies":[{"name":"wp","href":"https:\/\/api.w.org\/{rel}","templated":true}]}}