{"id":1057712,"date":"2026-05-30T17:59:21","date_gmt":"2026-05-30T17:59:21","guid":{"rendered":"https:\/\/www.europesays.com\/de\/1057712\/"},"modified":"2026-05-30T17:59:21","modified_gmt":"2026-05-30T17:59:21","slug":"mehr-orte-zum-ausruhen-spd-will-sitzbaenke-im-stadtbezirk-brackel","status":"publish","type":"post","link":"https:\/\/www.europesays.com\/de\/1057712\/","title":{"rendered":"Mehr Orte zum Ausruhen: SPD will Sitzb\u00e4nke im Stadtbezirk Brackel"},"content":{"rendered":"<p>\t\tMehr Orte zum Ausruhen<br \/>\n\t\t\t\t\tSPD will Sitzb\u00e4nke im Stadtbezirk Brackel<\/p>\n<p>\t\t<img alt=\"\" src=\"https:\/\/www.europesays.com\/de\/wp-content\/uploads\/2025\/05\/630_0036_48786_.jpg\"  class=\"avatar avatar-36 photo avatar-default\" height=\"36\" width=\"36\" loading=\"eager\" decoding=\"async\"\/>\t\t<a class=\"article-author__name\" href=\"https:\/\/www.ruhrnachrichten.de\/author\/andreas-schroeter\/\" rel=\"author nofollow noopener\" target=\"_blank\">Andreas Schr\u00f6ter<\/a><br \/>\n\t\tRedakteur<\/p>\n<p>    <a href=\"https:\/\/www.ruhrnachrichten.de\/wp-content\/uploads\/2026\/05\/28\/09\/630_0900_6274394_-1648x824.jpg\" rel=\"nofollow noopener\" target=\"_blank\"><\/p>\n<p>            <img decoding=\"async\" fetchpriority=\"high\" src=\"https:\/\/www.europesays.com\/de\/wp-content\/uploads\/2026\/05\/630_0900_6274391_-640x428.jpg\" width=\"640\" height=\"428\"  alt=\"Die SPD in der Bezirksvertretung Brackel fordert mehr Sitzb\u00e4nke f\u00fcr den Stadtbezirk Brackel (Symbolbild).\"\/><\/p>\n<p>    <\/a><br \/>\n    Die SPD in der Bezirksvertretung Brackel fordert mehr Sitzb\u00e4nke f\u00fcr den Stadtbezirk Brackel (Symbolbild). \u00a9 picture alliance\/dpa<\/p>\n<p class=\"article__teaser-text\">Die SPD will neue Sitzb\u00e4nke in Asseln und Brackel. Drei Standorte sollen gepr\u00fcft und m\u00f6glichst zeitnah ausgestattet werden.<\/p>\n<p>1 Min Lesezeit<\/p>\n","protected":false},"excerpt":{"rendered":"Mehr Orte zum Ausruhen SPD will Sitzb\u00e4nke im Stadtbezirk Brackel Andreas Schr\u00f6ter Redakteur Die SPD in der Bezirksvertretung&hellip;\n","protected":false},"author":2,"featured_media":1057713,"comment_status":"","ping_status":"","sticky":false,"template":"","format":"standard","meta":{"footnotes":"","_share_on_mastodon":"0"},"categories":[1833],"tags":[59148,10138,3364,29,217,30,3648,1209],"class_list":["post-1057712","post","type-post","status-publish","format-standard","has-post-thumbnail","category-dortmund","tag-asseln","tag-brackel","tag-de","tag-deutschland","tag-dortmund","tag-germany","tag-lokalpolitik","tag-nordrhein-westfalen"],"share_on_mastodon":{"url":"https:\/\/pubeurope.com\/@de\/116664833724655736","error":""},"_links":{"self":[{"href":"https:\/\/www.europesays.com\/de\/wp-json\/wp\/v2\/posts\/1057712","targetHints":{"allow":["GET"]}}],"collection":[{"href":"https:\/\/www.europesays.com\/de\/wp-json\/wp\/v2\/posts"}],"about":[{"href":"https:\/\/www.europesays.com\/de\/wp-json\/wp\/v2\/types\/post"}],"author":[{"embeddable":true,"href":"https:\/\/www.europesays.com\/de\/wp-json\/wp\/v2\/users\/2"}],"replies":[{"embeddable":true,"href":"https:\/\/www.europesays.com\/de\/wp-json\/wp\/v2\/comments?post=1057712"}],"version-history":[{"count":0,"href":"https:\/\/www.europesays.com\/de\/wp-json\/wp\/v2\/posts\/1057712\/revisions"}],"wp:featuredmedia":[{"embeddable":true,"href":"https:\/\/www.europesays.com\/de\/wp-json\/wp\/v2\/media\/1057713"}],"wp:attachment":[{"href":"https:\/\/www.europesays.com\/de\/wp-json\/wp\/v2\/media?parent=1057712"}],"wp:term":[{"taxonomy":"category","embeddable":true,"href":"https:\/\/www.europesays.com\/de\/wp-json\/wp\/v2\/categories?post=1057712"},{"taxonomy":"post_tag","embeddable":true,"href":"https:\/\/www.europesays.com\/de\/wp-json\/wp\/v2\/tags?post=1057712"}],"curies":[{"name":"wp","href":"https:\/\/api.w.org\/{rel}","templated":true}]}}