{"id":1057717,"date":"2026-05-30T18:03:19","date_gmt":"2026-05-30T18:03:19","guid":{"rendered":"https:\/\/www.europesays.com\/de\/1057717\/"},"modified":"2026-05-30T18:03:19","modified_gmt":"2026-05-30T18:03:19","slug":"hc-leipzig-wieder-zurueck-in-der-eliteliga","status":"publish","type":"post","link":"https:\/\/www.europesays.com\/de\/1057717\/","title":{"rendered":"HC Leipzig wieder zur\u00fcck in der Eliteliga"},"content":{"rendered":"<p class=\"text\">\nAuch nach dem Wechsel lie\u00df der HCL nicht locker und baute seinen Vorsprung gegen \u00fcberforderte Mainzerinnen in der 38. Minute erstmals auf zehn Tore aus (25:15), womit Leipzig die Weichen fr\u00fch auf Sieg stellte und sich trotz der hohen F\u00fchrung auch im Anschluss weiter in Torlaune pr\u00e4sentierte. Beste HCL-Werferin war Pauline Uhlmann, die mit sieben Treffern gl\u00e4nzte.<\/p>\n","protected":false},"excerpt":{"rendered":"Auch nach dem Wechsel lie\u00df der HCL nicht locker und baute seinen Vorsprung gegen \u00fcberforderte Mainzerinnen in der&hellip;\n","protected":false},"author":2,"featured_media":1057718,"comment_status":"","ping_status":"","sticky":false,"template":"","format":"standard","meta":{"footnotes":"","_share_on_mastodon":"0"},"categories":[1832],"tags":[5854,29595,5876,3364,29,225787,88532,1933,30,1391,10270,21016,101179,225786,71,81,18826,859,36503,3499,265,3498,225788],"class_list":["post-1057717","post","type-post","status-publish","format-standard","has-post-thumbnail","category-leipzig","tag-1-fsv-mainz-05","tag-2-handball-bundesliga","tag-aufstieg","tag-de","tag-deutschland","tag-erik-toepfer","tag-frauen-handball","tag-fuechse-berlin","tag-germany","tag-handball","tag-hbf","tag-hc-leipzig","tag-hcl","tag-lars-lammich","tag-leipzig","tag-mdr","tag-meisterschaft","tag-sachsen","tag-saisonfinale","tag-spio","tag-sport","tag-sport-im-osten","tag-tg-nuertingen"],"share_on_mastodon":{"url":"https:\/\/pubeurope.com\/@de\/116664848194035950","error":""},"_links":{"self":[{"href":"https:\/\/www.europesays.com\/de\/wp-json\/wp\/v2\/posts\/1057717","targetHints":{"allow":["GET"]}}],"collection":[{"href":"https:\/\/www.europesays.com\/de\/wp-json\/wp\/v2\/posts"}],"about":[{"href":"https:\/\/www.europesays.com\/de\/wp-json\/wp\/v2\/types\/post"}],"author":[{"embeddable":true,"href":"https:\/\/www.europesays.com\/de\/wp-json\/wp\/v2\/users\/2"}],"replies":[{"embeddable":true,"href":"https:\/\/www.europesays.com\/de\/wp-json\/wp\/v2\/comments?post=1057717"}],"version-history":[{"count":0,"href":"https:\/\/www.europesays.com\/de\/wp-json\/wp\/v2\/posts\/1057717\/revisions"}],"wp:featuredmedia":[{"embeddable":true,"href":"https:\/\/www.europesays.com\/de\/wp-json\/wp\/v2\/media\/1057718"}],"wp:attachment":[{"href":"https:\/\/www.europesays.com\/de\/wp-json\/wp\/v2\/media?parent=1057717"}],"wp:term":[{"taxonomy":"category","embeddable":true,"href":"https:\/\/www.europesays.com\/de\/wp-json\/wp\/v2\/categories?post=1057717"},{"taxonomy":"post_tag","embeddable":true,"href":"https:\/\/www.europesays.com\/de\/wp-json\/wp\/v2\/tags?post=1057717"}],"curies":[{"name":"wp","href":"https:\/\/api.w.org\/{rel}","templated":true}]}}