{"id":105777,"date":"2025-05-12T22:14:09","date_gmt":"2025-05-12T22:14:09","guid":{"rendered":"https:\/\/www.europesays.com\/de\/105777\/"},"modified":"2025-05-12T22:14:09","modified_gmt":"2025-05-12T22:14:09","slug":"bebauungsplan-nr-437-wohnen-am-klucksgraben-leipzig-suedwest-oeffentliche-auslegung-des-planentwurfs","status":"publish","type":"post","link":"https:\/\/www.europesays.com\/de\/105777\/","title":{"rendered":"Bebauungsplan Nr. 437, Wohnen am Klucksgraben, Leipzig-S\u00fcdwest &#8211; \u00d6ffentliche Auslegung des Planentwurfs\u00a0"},"content":{"rendered":"<p>Ver\u00f6ffentlichung des Planentwurfs vom 13. Mai 2025 bis 12. Juni 2025<\/p>\n<p>Der Entwurf des Bebauungsplanes und seine Begr\u00fcndung sowie die wesentlichen, bereits vorliegenden umweltbezogenen Stellungnahmen werden vom 13.05.2025 bis 12.06.2025 ver\u00f6ffentlicht.<\/p>\n<p>Der Geltungsbereich des Bebauungsplans befindet sich auf einem 27 Hektar gro\u00dfen Areal in Leipzig-S\u00fcdwest, im Ortsteil Knautkleeberg-Knauthain, westlich der Thomas-M\u00fcntzer-Siedlung und s\u00fcdlich der Rehbacher Stra\u00dfe. Mit dem Bebauungsplan Nr. 437 werden die Bebauungspl\u00e4ne Nr. 132.1 \u201eErweiterung Thomas-M\u00fcntzer-Siedlung\u201c und 132.2 in Teilen \u00fcberplant (siehe Karte).<\/p>\n","protected":false},"excerpt":{"rendered":"Ver\u00f6ffentlichung des Planentwurfs vom 13. Mai 2025 bis 12. Juni 2025 Der Entwurf des Bebauungsplanes und seine Begr\u00fcndung&hellip;\n","protected":false},"author":2,"featured_media":105778,"comment_status":"","ping_status":"","sticky":false,"template":"","format":"standard","meta":{"footnotes":""},"categories":[1832],"tags":[41783,14314,3364,29,30,71,859],"class_list":{"0":"post-105777","1":"post","2":"type-post","3":"status-publish","4":"format-standard","5":"has-post-thumbnail","7":"category-leipzig","8":"tag-bauleitplanung","9":"tag-bebauungsplan","10":"tag-de","11":"tag-deutschland","12":"tag-germany","13":"tag-leipzig","14":"tag-sachsen"},"share_on_mastodon":{"url":"https:\/\/pubeurope.com\/@de\/114497169892149458","error":""},"_links":{"self":[{"href":"https:\/\/www.europesays.com\/de\/wp-json\/wp\/v2\/posts\/105777","targetHints":{"allow":["GET"]}}],"collection":[{"href":"https:\/\/www.europesays.com\/de\/wp-json\/wp\/v2\/posts"}],"about":[{"href":"https:\/\/www.europesays.com\/de\/wp-json\/wp\/v2\/types\/post"}],"author":[{"embeddable":true,"href":"https:\/\/www.europesays.com\/de\/wp-json\/wp\/v2\/users\/2"}],"replies":[{"embeddable":true,"href":"https:\/\/www.europesays.com\/de\/wp-json\/wp\/v2\/comments?post=105777"}],"version-history":[{"count":0,"href":"https:\/\/www.europesays.com\/de\/wp-json\/wp\/v2\/posts\/105777\/revisions"}],"wp:featuredmedia":[{"embeddable":true,"href":"https:\/\/www.europesays.com\/de\/wp-json\/wp\/v2\/media\/105778"}],"wp:attachment":[{"href":"https:\/\/www.europesays.com\/de\/wp-json\/wp\/v2\/media?parent=105777"}],"wp:term":[{"taxonomy":"category","embeddable":true,"href":"https:\/\/www.europesays.com\/de\/wp-json\/wp\/v2\/categories?post=105777"},{"taxonomy":"post_tag","embeddable":true,"href":"https:\/\/www.europesays.com\/de\/wp-json\/wp\/v2\/tags?post=105777"}],"curies":[{"name":"wp","href":"https:\/\/api.w.org\/{rel}","templated":true}]}}