{"id":105788,"date":"2025-05-12T22:21:15","date_gmt":"2025-05-12T22:21:15","guid":{"rendered":"https:\/\/www.europesays.com\/de\/105788\/"},"modified":"2025-05-12T22:21:15","modified_gmt":"2025-05-12T22:21:15","slug":"wertvolle-kreuze-aus-st-aposteln-und-st-andreas-gestohlen","status":"publish","type":"post","link":"https:\/\/www.europesays.com\/de\/105788\/","title":{"rendered":"Wertvolle Kreuze aus St. Aposteln und St. Andreas gestohlen"},"content":{"rendered":"<p>Reliquien <\/p>\n<p>Bericht: Wertvolle Kreuze aus Kirchen gestohlen<\/p>\n<p>12.05.2025 &#8211; 23:18 UhrLesedauer: 1 Min.<\/p>\n<p><a href=\"#focus-0\" class=\"transition-colors duration-200 focus-within:text-magenta block text-current relative\" data-sctrack=\"FocusGalleryImage.Reference\"><img fetchpriority=\"high\" data-testid=\"Opener.Image\" style=\"--lqipURL:url('https:\/\/images.t-online.de\/2025\/05\/cnWk0sz-lhgp\/0x208:3996x2248\/fit-in\/150x0\/filters:blur(25)\/blick-auf-den-vierungsaltar-in-st-aposteln-archivfoto-die-innenstadtkirchen-sind-opfer-von-raeubern-geworden.jpg')\"   loading=\"eager\" src=\"https:\/\/www.europesays.com\/de\/wp-content\/uploads\/2025\/05\/blick-auf-den-vierungsaltar-in-st-aposteln-archivfoto-die-innenstadtkirchen-sind-opfer-von-raeubern-.jpeg\" alt=\"Blick auf den Vierungsaltar in St. Aposteln (Archivfoto): Die Innenstadtkirchen sind Opfer von R\u00e4ubern geworden.\" title=\"Blick auf den Vierungsaltar in St. Aposteln (Archivfoto): Die Innenstadtkirchen sind Opfer von R\u00e4ubern geworden.\" width=\"3996\" height=\"2248\" class=\"bg-[url:var(--lqipURL)] bg-cover bg-center flex w-full max-w-full h-full\" decoding=\"async\"\/><img style=\"--width:32;--height:32\" loading=\"lazy\" src=\"https:\/\/www.europesays.com\/de\/wp-content\/uploads\/2025\/03\/zoom-in.f7dae02f.svg.svg+xml\" alt=\"Vergr\u00f6\u00dfern des Bildes\" title=\"Vergr\u00f6\u00dfern des Bildes\" class=\"&#10;        block&#10;        h-[calc(var(--height)_\/_16_*_1rem)]&#10;        w-[calc(var(--width)_\/_16_*_1rem)]&#10;        max-w-none&#10;        absolute bottom-8 right-8 rounded-4 bg-snow p-8\" decoding=\"async\"\/><\/a><\/p>\n<p>Blick auf den Vierungsaltar in St. Aposteln (Archivfoto): Die Innenstadtkirchen sind Opfer von R\u00e4ubern geworden. (Quelle: IMAGO\/imageBROKER\/Stefan Ziese\/imago)<\/p>\n<p class=\"font-bold text-18 leading-17\">Zerst\u00f6rte T\u00fcren, gestohlene Kreuze: Was sich in mehreren K\u00f6lner Kirchen abspielte, betr\u00fcbt Geistliche. Und es war nicht der erste Vorfall.<\/p>\n<p class=\"text-18 leading-17\">In den K\u00f6lner Innenstadtkirchen ist es am vergangenen Samstag laut einem Bericht zu mindestens zwei Einbr\u00fcchen gekommen. Unbekannte T\u00e4ter verschafften sich demnach offenbar gewaltsam Zugang zu den Sakralr\u00e4umen und entwendeten wertvolle Gegenst\u00e4nde. Betroffen sind unter anderem die Kirchen St. Aposteln und St. Andreas.<\/p>\n<p class=\"text-18 leading-17\">Aus St. Aposteln wurde ein goldenes Kreuz gestohlen, hei\u00dft es in der &#8222;K\u00f6lnischen Rundschau&#8220;. In der benachbarten Kirche St. Andreas brachen die T\u00e4ter demnach T\u00fcren in der Sakristei mit einer Axt auf. Dabei erbeuteten sie ein wertvolles Reliquienkreuz, das Kreuzpartikel enthielt. Kreuzpartikel sind kleine Splitter oder Teile des heiligen Kreuzes, die als Reliquien in der katholischen Kirche verehrt werden.<\/p>\n<p class=\"text-18 leading-17\">Das aus dem Jahr 1929 stammende St\u00fcck besteht laut dem Bericht aus Silber, ist teilweise vergoldet und mit Halbedelsteinen besetzt. Gelagert war es in einem Wandschrank \u2013 gezielt darauf angelegt war der Diebstahl vermutlich nicht. Die T\u00e4ter durchw\u00fchlten s\u00e4mtliche Schr\u00e4nke, an einer Stahlt\u00fcr scheiterten sie.<\/p>\n","protected":false},"excerpt":{"rendered":"Reliquien Bericht: Wertvolle Kreuze aus Kirchen gestohlen 12.05.2025 &#8211; 23:18 UhrLesedauer: 1 Min. Blick auf den Vierungsaltar in&hellip;\n","protected":false},"author":2,"featured_media":105789,"comment_status":"","ping_status":"","sticky":false,"template":"","format":"standard","meta":{"footnotes":""},"categories":[1828],"tags":[3176,29,3227,30,41789,6590,1420,1209,41788,41790],"class_list":{"0":"post-105788","1":"post","2":"type-post","3":"status-publish","4":"format-standard","5":"has-post-thumbnail","7":"category-koeln","8":"tag-3176","9":"tag-deutschland","10":"tag-erzbistum-koeln","11":"tag-germany","12":"tag-innenstadtkirche","13":"tag-katholische-kirche","14":"tag-koeln","15":"tag-nordrhein-westfalen","16":"tag-reliquie","17":"tag-st-andrea"},"share_on_mastodon":{"url":"https:\/\/pubeurope.com\/@de\/114497197434425921","error":""},"_links":{"self":[{"href":"https:\/\/www.europesays.com\/de\/wp-json\/wp\/v2\/posts\/105788","targetHints":{"allow":["GET"]}}],"collection":[{"href":"https:\/\/www.europesays.com\/de\/wp-json\/wp\/v2\/posts"}],"about":[{"href":"https:\/\/www.europesays.com\/de\/wp-json\/wp\/v2\/types\/post"}],"author":[{"embeddable":true,"href":"https:\/\/www.europesays.com\/de\/wp-json\/wp\/v2\/users\/2"}],"replies":[{"embeddable":true,"href":"https:\/\/www.europesays.com\/de\/wp-json\/wp\/v2\/comments?post=105788"}],"version-history":[{"count":0,"href":"https:\/\/www.europesays.com\/de\/wp-json\/wp\/v2\/posts\/105788\/revisions"}],"wp:featuredmedia":[{"embeddable":true,"href":"https:\/\/www.europesays.com\/de\/wp-json\/wp\/v2\/media\/105789"}],"wp:attachment":[{"href":"https:\/\/www.europesays.com\/de\/wp-json\/wp\/v2\/media?parent=105788"}],"wp:term":[{"taxonomy":"category","embeddable":true,"href":"https:\/\/www.europesays.com\/de\/wp-json\/wp\/v2\/categories?post=105788"},{"taxonomy":"post_tag","embeddable":true,"href":"https:\/\/www.europesays.com\/de\/wp-json\/wp\/v2\/tags?post=105788"}],"curies":[{"name":"wp","href":"https:\/\/api.w.org\/{rel}","templated":true}]}}