{"id":1057979,"date":"2026-05-30T20:50:17","date_gmt":"2026-05-30T20:50:17","guid":{"rendered":"https:\/\/www.europesays.com\/de\/1057979\/"},"modified":"2026-05-30T20:50:17","modified_gmt":"2026-05-30T20:50:17","slug":"lintorfer-weinmarkt-2026-beginnt-am-mittwoch","status":"publish","type":"post","link":"https:\/\/www.europesays.com\/de\/1057979\/","title":{"rendered":"Lintorfer Weinmarkt 2026 beginnt am Mittwoch"},"content":{"rendered":"<p class=\"text_ohne_einzug richtext text-em-55 !leading-serif mx-6 desktop:mx-0\"> Bei den Lintorfer Weinliebhabern sind Achenbach, Busch, Dorst, Hammen und Knell schon lange keine unbekannten Namen mehr. Es sind die f\u00fcnf Winzerfamilien, die seit der ersten Veranstaltung im Juni 1990 zusammen mit der Lintorfer Werbegemeinschaft den mittlerweile \u00fcber Lintorfs Grenzen hinaus bekannten und beliebten Weinmarkt stattfinden lassen.<\/p>\n<p class=\"richtext text-em-55 !leading-serif mx-6 desktop:mx-0\">Die Winzer pr\u00e4gen das Fest bis heute mit ihrer Leidenschaft und Verbundenheit. \u201eWir bringen nicht nur die Weine mit nach Lintorf, sondern auch die Freude an unserem Beruf. Genau diese Begeisterung und die pers\u00f6nliche Atmosph\u00e4re machen den besonderen Charme dieser Veranstaltung aus\u201c, sagte Jungwinzer J\u00f6rg Hammen.<\/p>\n<p>Neue Jahrg\u00e4nge probieren      <\/p>\n<p class=\"richtext text-em-55 !leading-serif mx-6 desktop:mx-0\">Weinliebhaber k\u00f6nnen an allen vier Tagen die neuen Jahrg\u00e4nge ausgiebig probieren und mit den Winzern in Kontakt kommen. In den Nachmittagsstunden besteht die Gelegenheit, sich in Ruhe \u00fcber die Herstellung und Qualit\u00e4t der Weine zu unterhalten. Denn auch in diesem Jahr bringen die Winzer aus Rheinhessen wieder einen Spitzenjahrgang mit hervorragenden Weinen mit nach Lintorf. \u201eUnd weil die Werbegemeinschaft, in diesem Jahr ihr 50-j\u00e4hriges Jubil\u00e4um feiert, bietet jeder von uns einen ganz besonderen Jubil\u00e4umswein an\u201c, verriet Helmut Busch, der gemeinsam mit Hammen von den Weing\u00fctern in Volxheim beziehungsweise Schornsheim kam, um die Ank\u00fcndigungsplakate aufzuh\u00e4ngen.<\/p>\n<p class=\"richtext text-em-55 !leading-serif mx-6 desktop:mx-0\">Erg\u00e4nzt wird das rheinhessische Wein-Sortiment auf der Veranstaltung schon seit 12 Jahren durch leckere Rebens\u00e4fte anderer nationaler und internationaler Anbaugebiete an den St\u00e4nden von Familie Eckert vom Lintorfer Wein-und Feinkostgesch\u00e4ft  \u201eLeib &amp; Rebe\u201c und in diesem Jahr erstmalig von Neu-Lintorfer Oliver Wilmering mit seinem Weinstand \u201ezum Olli\u201c.<\/p>\n<p>Kleines Champagner-Angebot      <\/p>\n<p class=\"richtext text-em-55 !leading-serif mx-6 desktop:mx-0\">\u201eZus\u00e4tzlich zu den vielen Weinen gibt es t\u00e4glich auch Bier, Aperol Spritz, alkoholfreie Getr\u00e4nke sowie ein kleines Champagner-Angebot f\u00fcr besondere Genussmomente. Dar\u00fcber hinaus erwartet die Besucher wieder eine gro\u00dfe kulinarische Vielfalt mit verschiedenen Food Trucks und zahlreichen Spezialit\u00e4ten\u201c, k\u00fcndigte Andr\u00e9 Uferkamp, Vorsitzender der Werbegemeinschaft, an.<\/p>\n<p>Genie\u00dferzelt \u00f6ffnet wieder      <\/p>\n<p class=\"richtext text-em-55 !leading-serif mx-6 desktop:mx-0\">Das im letzten Jahr erstmals aufgebaute Genie\u00dferzelt wird es an den vier Veranstaltungstagen rund um Fronleichnam auch wieder geben. Tischpl\u00e4tze und Stehplatzkarten k\u00f6nnen t\u00e4glich reserviert werden. Der Tisch ist f\u00fcr jeden Tag separat buchbar und bietet einen Weink\u00fchler mit Eisf\u00fcllung am Tisch, einen festen Boden und einen Schutz vor Sonne und Regen. Tickets kosten zwischen 10 und 20 Euro pro Person.<\/p>\n<p>Vier Tage voller Genuss und Musik      <\/p>\n<p class=\"richtext text-em-55 !leading-serif mx-6 desktop:mx-0\">Auf die Besucher warten wieder vier Tage voller Genuss, Musik und guter Stimmung beim traditionellen Weinmarkt auf dem Sch\u00fctzenplatz. Mittwoch mit Live-Musik im Genie\u00dferzelt, Donnerstag als Familientag mit Kinderprogramm, Freitag als Tag zum Genie\u00dfen in entspannter Atmosph\u00e4re und Samstag mit Partystimmung durch die Live-DJs von Our Events.<\/p>\n<p class=\"richtext text-em-55 !leading-serif mx-6 desktop:mx-0\">Seit dem vergangenen Jahr beginnt der Weinmarkt bereits am Mittwoch vor Fronleichnam, und zwar um 18 Uhr. Bis 23 Uhr k\u00f6nnen die Besucher dann die ersten Weine probieren. Die Veranstalter weisen noch einmal darauf hin, dass auch in diesem Jahr jungen Leuten unter 18 Jahre der Zutritt nur in Begleitung der Eltern gestattet ist, da es sich um eine Veranstaltung handelt, bei der Alkohol ausgeschenkt wird. <\/p>\n","protected":false},"excerpt":{"rendered":"Bei den Lintorfer Weinliebhabern sind Achenbach, Busch, Dorst, Hammen und Knell schon lange keine unbekannten Namen mehr. Es&hellip;\n","protected":false},"author":2,"featured_media":1057980,"comment_status":"","ping_status":"","sticky":false,"template":"","format":"standard","meta":{"footnotes":"","_share_on_mastodon":"0"},"categories":[1838],"tags":[14291,17173,3364,29,3715,553,30,225833,3009,225834,225835,19113,59066,1209,14808,3699,87583,16560,225836,59073,59072,59040,40628,9625,48318,59070],"class_list":["post-1057979","post","type-post","status-publish","format-standard","has-post-thumbnail","category-duisburg","tag-atmosphaere","tag-busch","tag-de","tag-deutschland","tag-duisburg","tag-familie","tag-germany","tag-hammen","tag-jubilaeum","tag-jubilaeumswein","tag-jungwinzer","tag-lintorf","tag-lintorfer","tag-nordrhein-westfalen","tag-tagen","tag-veranstaltung","tag-veranstaltungstagen","tag-wein","tag-weinguetern","tag-weinkuehler","tag-weinliebhaber","tag-weinmarkt","tag-weinstand","tag-werbegemeinschaft","tag-winzer","tag-winzerfamilien"],"share_on_mastodon":{"url":"https:\/\/pubeurope.com\/@de\/116665504519814344","error":""},"_links":{"self":[{"href":"https:\/\/www.europesays.com\/de\/wp-json\/wp\/v2\/posts\/1057979","targetHints":{"allow":["GET"]}}],"collection":[{"href":"https:\/\/www.europesays.com\/de\/wp-json\/wp\/v2\/posts"}],"about":[{"href":"https:\/\/www.europesays.com\/de\/wp-json\/wp\/v2\/types\/post"}],"author":[{"embeddable":true,"href":"https:\/\/www.europesays.com\/de\/wp-json\/wp\/v2\/users\/2"}],"replies":[{"embeddable":true,"href":"https:\/\/www.europesays.com\/de\/wp-json\/wp\/v2\/comments?post=1057979"}],"version-history":[{"count":0,"href":"https:\/\/www.europesays.com\/de\/wp-json\/wp\/v2\/posts\/1057979\/revisions"}],"wp:featuredmedia":[{"embeddable":true,"href":"https:\/\/www.europesays.com\/de\/wp-json\/wp\/v2\/media\/1057980"}],"wp:attachment":[{"href":"https:\/\/www.europesays.com\/de\/wp-json\/wp\/v2\/media?parent=1057979"}],"wp:term":[{"taxonomy":"category","embeddable":true,"href":"https:\/\/www.europesays.com\/de\/wp-json\/wp\/v2\/categories?post=1057979"},{"taxonomy":"post_tag","embeddable":true,"href":"https:\/\/www.europesays.com\/de\/wp-json\/wp\/v2\/tags?post=1057979"}],"curies":[{"name":"wp","href":"https:\/\/api.w.org\/{rel}","templated":true}]}}