{"id":105799,"date":"2025-05-12T22:28:12","date_gmt":"2025-05-12T22:28:12","guid":{"rendered":"https:\/\/www.europesays.com\/de\/105799\/"},"modified":"2025-05-12T22:28:12","modified_gmt":"2025-05-12T22:28:12","slug":"maechtiger-temperatursturz-am-letzten-eisheiligentag","status":"publish","type":"post","link":"https:\/\/www.europesays.com\/de\/105799\/","title":{"rendered":"M\u00e4chtiger Temperatursturz am letzten Eisheiligentag"},"content":{"rendered":"<p>Abk\u00fchlung f\u00fcr Berlin <\/p>\n<p>Temperatursturz am letzten &#8222;Eisheiligentag&#8220;<\/p>\n<p>12.05.2025 &#8211; 22:39 UhrLesedauer: 2 Min.<\/p>\n<p><a href=\"#focus-0\" class=\"transition-colors duration-200 focus-within:text-magenta block text-current relative\" data-sctrack=\"FocusGalleryImage.Reference\"><img fetchpriority=\"high\" data-testid=\"Opener.Image\" style=\"--lqipURL:url('https:\/\/images.t-online.de\/2025\/05\/AI8utBUhxFmG\/268x134:3455x1944\/fit-in\/150x0\/filters:blur(25)\/die-imposante-kathedrale-und-der-beruehmte-berliner-fernsehturm-die-imposante-kathedrale-und-der-beruehmte-berliner-fernsehturm-in-der-abenddaemmerung-license-rf-copyright-xzoonar-com-jensxicklerx-23182437.jpg')\"   loading=\"eager\" src=\"https:\/\/www.europesays.com\/de\/wp-content\/uploads\/2025\/05\/die-imposante-kathedrale-und-der-beruehmte-berliner-fernsehturm-die-imposante-kathedrale-und-der-ber.jpeg\" alt=\"imago images 0815552638\" title=\"imago images 0815552638\" width=\"3455\" height=\"1944\" class=\"bg-[url:var(--lqipURL)] bg-cover bg-center flex w-full max-w-full h-full\" decoding=\"async\"\/><img style=\"--width:32;--height:32\" loading=\"lazy\" src=\"https:\/\/www.europesays.com\/de\/wp-content\/uploads\/2025\/03\/zoom-in.f7dae02f.svg.svg+xml\" alt=\"Vergr\u00f6\u00dfern des Bildes\" title=\"Vergr\u00f6\u00dfern des Bildes\" class=\"&#10;        block&#10;        h-[calc(var(--height)_\/_16_*_1rem)]&#10;        w-[calc(var(--width)_\/_16_*_1rem)]&#10;        max-w-none&#10;        absolute bottom-8 right-8 rounded-4 bg-snow p-8\" decoding=\"async\"\/><\/a><\/p>\n<p>Abendstimmung am Berliner Dom (Archivfoto): F\u00fcr Abendspazierg\u00e4nge braucht es bald wieder den Pullover. (Quelle: IMAGO\/Zoonar.com\/Jens Ickler\/imago)<\/p>\n<p class=\"font-bold text-18 leading-17\">Gerade noch T-Shirt-Wetter, am n\u00e4chsten Tag kramt man besser den Pullover raus: In Berlin steht ein deutlicher Wetterwechsel bevor.<\/p>\n<p class=\"text-18 leading-17\">Die Hauptstadt erlebt in dieser Woche einen markanten Wetterwechsel: W\u00e4hrend bis Mittwoch noch fr\u00fchsommerliche Temperaturen von bis zu 23 Grad m\u00f6glich sind, k\u00fchlt es am Donnerstag sp\u00fcrbar ab \u2013 die H\u00f6chstwerte liegen dann nur noch zwischen 14 und 18 Grad. Das geht aus der aktuellen Prognose des Deutschen Wetterdienstes (DWD) hervor.<\/p>\n<p class=\"text-18 leading-17\">Grund f\u00fcr den Temperatursturz ist ein frischer Nordostwind, der am Donnerstag mit B\u00f6en \u00fcber den Berliner Raum zieht. In der Osth\u00e4lfte Brandenburgs kann es zudem \u00f6rtlich Schauer geben. Ansonsten bleibt es laut DWD meist trocken, mit einem Wechsel aus Sonne und Wolken. In <a class=\"transition-colors duration-200 cursor-pointer text-inherit no-underline text-salemsfur md:hover:text-magenta md:hover:border-magenta md:focus:text-magenta border-current border-b border-solid break-words\" href=\"https:\/\/www.t-online.de\/region\/berlin\/\" data-sctrack=\"BodyAnchor\" target=\"_blank\" rel=\"noopener\">Berlin<\/a> selbst ist das Regenrisiko moderat, es wird jedoch wenig Sonne erwartet. Die Abk\u00fchlung ist im ganzen Osten Deutschlands deutlich zu sp\u00fcren, <a class=\"transition-colors duration-200 cursor-pointer text-inherit no-underline text-salemsfur md:hover:text-magenta md:hover:border-magenta md:focus:text-magenta border-current border-b border-solid break-words\" href=\"https:\/\/www.t-online.de\/nachrichten\/panorama\/wetter\/id_100719330\/wetter-in-deutschland-simone-bringt-sonne-abkuehlung-kuendigt-sich-an.html\" data-sctrack=\"BodyAnchor\" target=\"_blank\" rel=\"noopener\">w\u00e4hrend sie in den restlichen Landesteilen nicht so stark ausf\u00e4llt<\/a>.<\/p>\n<p class=\"text-18 leading-17\">Der Temperaturr\u00fcckgang f\u00e4llt ausgerechnet auf den letzten der sogenannten &#8222;Eisheiligen&#8220;. Der 15. Mai gilt traditionell als &#8222;Kalte Sophie&#8220; \u2013 und damit als Abschluss einer <a class=\"transition-colors duration-200 cursor-pointer text-inherit no-underline text-salemsfur md:hover:text-magenta md:hover:border-magenta md:focus:text-magenta border-current border-b border-solid break-words\" href=\"https:\/\/www.t-online.de\/nachrichten\/panorama\/wetter\/id_100706194\/eisheilige-im-mai-temperatursturz-mythos-oder-wahre-bauernregel-.html\" data-sctrack=\"BodyAnchor\" target=\"_blank\" rel=\"noopener\">Bauernregel, deren G\u00fcltigkeit umstritten ist<\/a>. Bis es so weit ist, k\u00f6nnen sich die Berliner am Dienstag und Mittwoch noch \u00fcber viel Sonnenschein und Temperaturen zwischen 19 und 23 Grad freuen.<\/p>\n","protected":false},"excerpt":{"rendered":"Abk\u00fchlung f\u00fcr Berlin Temperatursturz am letzten &#8222;Eisheiligentag&#8220; 12.05.2025 &#8211; 22:39 UhrLesedauer: 2 Min. Abendstimmung am Berliner Dom (Archivfoto):&hellip;\n","protected":false},"author":2,"featured_media":105800,"comment_status":"","ping_status":"","sticky":false,"template":"","format":"standard","meta":{"footnotes":""},"categories":[1825],"tags":[3176,33091,1941,1939,296,1937,1890,29,4906,37015,41791,30,1940,1938,12172,4888,1973,2256,2255,41792],"class_list":{"0":"post-105799","1":"post","2":"type-post","3":"status-publish","4":"format-standard","5":"has-post-thumbnail","7":"category-berlin","8":"tag-3176","9":"tag-abkuehlung","10":"tag-aktuelle-nachrichten-aus-berlin","11":"tag-aktuelle-news-aus-berlin","12":"tag-berlin","13":"tag-berlin-news","14":"tag-brandenburg","15":"tag-deutschland","16":"tag-dwd","17":"tag-eisheiligen","18":"tag-eisheiligentag","19":"tag-germany","20":"tag-nachrichten-aus-berlin","21":"tag-news-aus-berlin","22":"tag-pullover","23":"tag-temperatursturz","24":"tag-wetter","25":"tag-wetterausblick","26":"tag-wettervorhersage","27":"tag-wetterwechsel"},"share_on_mastodon":{"url":"https:\/\/pubeurope.com\/@de\/114497225282790399","error":""},"_links":{"self":[{"href":"https:\/\/www.europesays.com\/de\/wp-json\/wp\/v2\/posts\/105799","targetHints":{"allow":["GET"]}}],"collection":[{"href":"https:\/\/www.europesays.com\/de\/wp-json\/wp\/v2\/posts"}],"about":[{"href":"https:\/\/www.europesays.com\/de\/wp-json\/wp\/v2\/types\/post"}],"author":[{"embeddable":true,"href":"https:\/\/www.europesays.com\/de\/wp-json\/wp\/v2\/users\/2"}],"replies":[{"embeddable":true,"href":"https:\/\/www.europesays.com\/de\/wp-json\/wp\/v2\/comments?post=105799"}],"version-history":[{"count":0,"href":"https:\/\/www.europesays.com\/de\/wp-json\/wp\/v2\/posts\/105799\/revisions"}],"wp:featuredmedia":[{"embeddable":true,"href":"https:\/\/www.europesays.com\/de\/wp-json\/wp\/v2\/media\/105800"}],"wp:attachment":[{"href":"https:\/\/www.europesays.com\/de\/wp-json\/wp\/v2\/media?parent=105799"}],"wp:term":[{"taxonomy":"category","embeddable":true,"href":"https:\/\/www.europesays.com\/de\/wp-json\/wp\/v2\/categories?post=105799"},{"taxonomy":"post_tag","embeddable":true,"href":"https:\/\/www.europesays.com\/de\/wp-json\/wp\/v2\/tags?post=105799"}],"curies":[{"name":"wp","href":"https:\/\/api.w.org\/{rel}","templated":true}]}}