{"id":1058177,"date":"2026-05-30T22:55:26","date_gmt":"2026-05-30T22:55:26","guid":{"rendered":"https:\/\/www.europesays.com\/de\/1058177\/"},"modified":"2026-05-30T22:55:26","modified_gmt":"2026-05-30T22:55:26","slug":"longevity-now-in-berlin-was-longevity-experten-derzeit-beschaeftigt-leben-wissen","status":"publish","type":"post","link":"https:\/\/www.europesays.com\/de\/1058177\/","title":{"rendered":"\u201eLongevity Now\u201c in Berlin: Was Longevity-Experten derzeit besch\u00e4ftigt | Leben &#038; Wissen"},"content":{"rendered":"<p><a class=\"skip-content skip-content--link\" href=\"#in-content-skip-link-target-v-0-0\">TTS-Player \u00fcberspringen\u21b5<\/a><a id=\"in-content-skip-link-target-v-0-0\" class=\"skip-content--target-link-hidden skip-content skip-content--target-link\" href=\"#in-content-skip-link-target-v-0-0\">Artikel weiterlesen<\/a><\/p>\n<p data-497f19fe=\"0-3404\">Berlin \u2013<b> L\u00e4nger leben wollen viele. Entscheidend ist aber eine andere Frage: Wie lassen sich m\u00f6glichst viele Jahre bei guter Gesundheit verbringen? Genau darum ging es am Donnerstagabend bei \u201eLongevity Now\u201c im Journalistenclub von Axel Springer in Berlin. FITBOOK und der Life Summit Berlin hatten zu dem Abend eingeladen. Die Veranstaltung bildete den Auftakt zur f\u00fchrenden Longevity-Messe Deutschlands. Experten aus Medizin, Wissenschaft und Fitness sprachen \u00fcber gesundes Altern. Die Themen: Pr\u00e4vention, personalisierte Gesundheitsstrategien, Nahrungserg\u00e4nzungsmittel und gesellschaftliche Fragen. Hier drei Erkenntnisse des Abends.<\/b><\/p>\n<p>1. Gesundes Altern beginnt fr\u00fcher, als viele denken<\/p>\n<p data-497f19fe=\"0-3404\">Ein zentrales Thema war <a href=\"https:\/\/www.bild.de\/ratgeber\/praeventionsportal\/praeventionsportal\/praeventionsportal-74996826.bild.html\" class=\"text-link\" rel=\"nofollow noopener\" target=\"_blank\">Pr\u00e4vention<\/a>. Der Blick auf Gesundheit verschiebt sich. Weg von der reinen Behandlung, hin zur Vorbeugung. Die Frage ist: Wie lassen sich Risiken fr\u00fcher erkennen und gesunde Jahre l\u00e4nger erhalten?<\/p>\n<p data-497f19fe=\"0-3404\">Das ist einer der Gr\u00fcnde, warum Longevity derzeit so viel Aufmerksamkeit bekommt. Der Begriff steht nicht nur f\u00fcr ein langes Leben, sondern vor allem f\u00fcr den Versuch, Gesundheit im Alter l\u00e4nger zu bewahren. Dabei geht es um medizinische Vorsorge, aber auch um Lebensstil, Ern\u00e4hrung, Bewegung, Schlaf und den Umgang mit individuellen Risikofaktoren.<\/p>\n<p>2. \u201eMessen, machen, messen\u201c<\/p>\n<p data-497f19fe=\"0-3404\">Besonders konkret wurde es beim Thema Nahrungserg\u00e4nzungsmittel. Nils Behrens (53), Longevity-Experte und Moderator des Gesundheitspodcasts \u201eHealthwise\u201c, sprach in seinem Vortrag \u00fcber die Rolle von <a href=\"https:\/\/www.bild.de\/leben-wissen\/lifestyle\/nahrungsergaenzungsmittel-10-trend-supplements-und-was-sie-koennen-6970dbc20452f09d7ec5da3a+\" rel=\"noopener nofollow\" class=\"text-link\" target=\"_blank\">Supplements<\/a> beim gesunden Altern. Sein wichtigster Rat: Wer Nahrungserg\u00e4nzungsmittel sinnvoll einsetzen m\u00f6chte, sollte zun\u00e4chst seine individuellen Gesundheitswerte kennen. \u201eMessen, machen, messen\u201c, lautete seine Empfehlung. Viele Supplements h\u00e4tten vor allem dann einen Effekt, wenn vorher ein Mangel besteht. Die Botschaft: Bei Longevity geht es nicht darum, m\u00f6glichst viele Mittel einzunehmen. Sondern gezielt zu schauen: Was fehlt dem K\u00f6rper wirklich?<\/p>\n<p><img decoding=\"async\" width=\"992\" height=\"558\" alt=\"Nils Behrens (Chief Brand Officer bei Sunday Natural und Host des Gesundheitspodcasts \u201eHealthwise\u201c)\" src=\"https:\/\/www.europesays.com\/de\/wp-content\/uploads\/2026\/05\/d89fbfee85beb0d6eaa05130363bd697,18845249.jpeg\"   class=\"landscape\" loading=\"lazy\"\/><\/p>\n<p class=\"fig__caption__text\">Nils Behrens (53, Chief Brand Officer bei Sunday Natural und Host des Gesundheitspodcasts \u201eHealthwise\u201c)<\/p>\n<p>Foto: MOJOFILM<\/p>\n<p>3. Nicht jeder Trend ist schon bewiesen<\/p>\n<p data-497f19fe=\"0-3404\">Der Abend machte auch sichtbar, wie breit das Thema inzwischen geworden ist. Unter Longevity fallen heute ganz unterschiedliche Ans\u00e4tze \u2013 von klassischer Pr\u00e4vention \u00fcber Ern\u00e4hrung und Bewegung bis zu neuen Diagnostik-Methoden und Supplements.<\/p>\n<p data-497f19fe=\"0-3404\">Genau deshalb braucht es Einordnung. Einige Ma\u00dfnahmen sind gut untersucht. Andere klingen interessant, sind aber noch nicht ausreichend belegt oder h\u00e4ngen stark vom Einzelfall ab.<\/p>\n<p data-497f19fe=\"0-3404\"><a href=\"https:\/\/www.fitbook.de\/gesundheit\" target=\"_blank\" rel=\"noopener nofollow\" class=\"text-link\">FITBOOK<\/a>-Chefredakteur Nuno Alves betonte bei der Veranstaltung daher die Bedeutung verl\u00e4sslicher Gesundheitsinformationen. \u201eLongevity ist Teil der DNA von FITBOOK\u201c, sagte Alves. Bei der Vermittlung von Gesundheitsthemen seien Kompetenz und Glaubw\u00fcrdigkeit entscheidend.<\/p>\n<p><img decoding=\"async\" width=\"992\" height=\"558\" alt=\"Nuno Alves, Chefredakteur von FITBOOK (links) und Michael Beck, General Manager Tech &amp; Content Verticals bei COMPUTER BILD &amp; BOOK family (BILD-Gruppe) (rechts)\" src=\"https:\/\/www.europesays.com\/de\/wp-content\/uploads\/2026\/05\/f8d7c5b8c13a731b7f5574fd98bb9d3e,eeff0995.jpeg\"   class=\"landscape\" loading=\"lazy\"\/><\/p>\n<p class=\"fig__caption__text\">Nuno Alves (l.), Chefredakteur von FITBOOK und Michael Beck, General Manager Tech &amp; Content Verticals bei COMPUTER BILD &amp; BOOK family (BILD-Gruppe)<\/p>\n<p>Foto: MOJOFILM<\/p>\n<p data-497f19fe=\"0-3404\">FITBOOK-Redaktionsleiterin Melanie Hoffmann hob den Austausch zwischen verschiedenen Fachrichtungen hervor. Longevity sei besonders spannend, weil dabei viele Bereiche zusammenk\u00e4men: Wissenschaft, Medizin, Ern\u00e4hrung, Lifestyle und Pr\u00e4vention \u2013 so wie auch an diesem Abend.<\/p>\n<p><img decoding=\"async\" width=\"992\" height=\"558\" alt=\"Julia Knecht (Senior Product &amp; Business Manager Axel Springer), Stephan Pallmann (Director Brand &amp; Customer Management RSG Group), Marten Berg (Head of Communications RSG Group) und Nuno Alves (Chefredakteur FITBOOK) (v.l.n.r) w\u00e4hrend des \u201eLongevity Now\u201c\" src=\"https:\/\/www.europesays.com\/de\/wp-content\/uploads\/2026\/05\/39f9ea034722fc8e9d5aa88d31069478,a945398e.jpeg\"   class=\"landscape\" loading=\"lazy\"\/><\/p>\n<p class=\"fig__caption__text\">Julia Knecht (Senior Product &amp; Business Manager Axel Springer), Stephan Pallmann (Director Brand &amp; Customer Management RSG Group), Marten Berg (Head of Communications RSG Group) und Nuno Alves (Chefredakteur FITBOOK, v. l.)<\/p>\n<p>Foto: MOJOFILM<\/p>\n<p data-497f19fe=\"0-3404\">Zu den G\u00e4sten des Abends z\u00e4hlten unter anderem Prof. Anita Frauwallner, Dr. Lutz Graumann, \u201eThe Shaolin Kid\u201c Sacha Wenk, Dr. Hadi Saleh, Dr. Alexander Auer, Hannah Samira Schmidt, Dr. Katharina Broos, Dr. Jonathan Apasu, Anastasia Goron sowie Schauspielerin Mariella Ahrens.<\/p>\n<p data-497f19fe=\"0-3404\">\u201eLongevity Now\u201c bildete den Auftakt zum Life Summit Berlin, der bis einschlie\u00dflich Samstag im Estrel Berlin mit mehr als 3600 G\u00e4sten aus aller Welt stattfand.<\/p>\n","protected":false},"excerpt":{"rendered":"TTS-Player \u00fcberspringen\u21b5Artikel weiterlesen Berlin \u2013 L\u00e4nger leben wollen viele. Entscheidend ist aber eine andere Frage: Wie lassen sich&hellip;\n","protected":false},"author":2,"featured_media":1058178,"comment_status":"","ping_status":"","sticky":false,"template":"","format":"standard","meta":{"footnotes":"","_share_on_mastodon":"0"},"categories":[1825],"tags":[296,29,247,30,141,99823,102449,28546],"class_list":["post-1058177","post","type-post","status-publish","format-standard","has-post-thumbnail","category-berlin","tag-berlin","tag-deutschland","tag-fitness","tag-germany","tag-gesundheit","tag-ki-books","tag-ki-fitbook","tag-longevity"],"share_on_mastodon":{"url":"https:\/\/pubeurope.com\/@de\/116665996493433391","error":""},"_links":{"self":[{"href":"https:\/\/www.europesays.com\/de\/wp-json\/wp\/v2\/posts\/1058177","targetHints":{"allow":["GET"]}}],"collection":[{"href":"https:\/\/www.europesays.com\/de\/wp-json\/wp\/v2\/posts"}],"about":[{"href":"https:\/\/www.europesays.com\/de\/wp-json\/wp\/v2\/types\/post"}],"author":[{"embeddable":true,"href":"https:\/\/www.europesays.com\/de\/wp-json\/wp\/v2\/users\/2"}],"replies":[{"embeddable":true,"href":"https:\/\/www.europesays.com\/de\/wp-json\/wp\/v2\/comments?post=1058177"}],"version-history":[{"count":0,"href":"https:\/\/www.europesays.com\/de\/wp-json\/wp\/v2\/posts\/1058177\/revisions"}],"wp:featuredmedia":[{"embeddable":true,"href":"https:\/\/www.europesays.com\/de\/wp-json\/wp\/v2\/media\/1058178"}],"wp:attachment":[{"href":"https:\/\/www.europesays.com\/de\/wp-json\/wp\/v2\/media?parent=1058177"}],"wp:term":[{"taxonomy":"category","embeddable":true,"href":"https:\/\/www.europesays.com\/de\/wp-json\/wp\/v2\/categories?post=1058177"},{"taxonomy":"post_tag","embeddable":true,"href":"https:\/\/www.europesays.com\/de\/wp-json\/wp\/v2\/tags?post=1058177"}],"curies":[{"name":"wp","href":"https:\/\/api.w.org\/{rel}","templated":true}]}}