{"id":1058274,"date":"2026-05-30T23:55:37","date_gmt":"2026-05-30T23:55:37","guid":{"rendered":"https:\/\/www.europesays.com\/de\/1058274\/"},"modified":"2026-05-30T23:55:37","modified_gmt":"2026-05-30T23:55:37","slug":"sankt-pieschen-kann-kommen-pieschen-aktuell","status":"publish","type":"post","link":"https:\/\/www.europesays.com\/de\/1058274\/","title":{"rendered":"Sankt Pieschen kann kommen &#8211; Pieschen-Aktuell"},"content":{"rendered":"\n<p>Vom 5. bis 7. Juni wird in Pieschen wieder das heilige Stadtteilfest gefeiert. Das Organisationsteam rund um den Vereinsvorsitzenden Andreas Koenitz befindet sich aktuell in der hei\u00dfen Phase der Vorbereitungen. Das Programm steht weitestgehend fest. Es wird insgesamt vier B\u00fchnen geben, dar\u00fcber hinaus jede Menge St\u00e4nde f\u00fcr die kulinarische Versorgung, Kunsthandwerk, Kultur und Entspannung. Das Programm ist picke-packe vollgestopft. <img fetchpriority=\"high\" decoding=\"async\" src=\"https:\/\/pieschen-aktuell.de\/wp-content\/uploads\/2026\/05\/2026-05-29-Sankt-Pieschen-jpg.avif\" alt=\"Vom 5. bis 7. Juni wird wieder Sankt Pieschen gefeiert\" width=\"1200\" height=\"675\" class=\"size-full wp-image-75796\"  \/>Vom 5. bis 7. Juni wird wieder Sankt Pieschen gefeiert <\/p>\n<p>Ein paar Highlights <\/p>\n<p>Am Freitag spielen \u201eThe Voltz Brothers\u201c bei der Hofmusik an der Konkordienstra\u00dfe 58 (<a href=\"https:\/\/soundcloud.com\/the-voltz-brothers\" rel=\"nofollow noopener\" target=\"_blank\">H\u00f6rprobe<\/a> der Bluegrass-Band), sp\u00e4ter am Abend gibt es auf der B\u00fchne am Konkordienplatz mit der Kurkapelle Sonnendeck Live-Techno und Jazz-House (<a href=\"https:\/\/kurkapellesonnendeck.bandcamp.com\/track\/kaffeeklatsche\" rel=\"nofollow noopener\" target=\"_blank\">H\u00f6rprobe<\/a>), rockiger geht es auf der B\u00fchne \u201eKap der guten Hoffnungen\u201c an der Rosa-Steinhart-Stra\u00dfe zu \u2013 dort spielen unter anderem die Dresdner Sugar Ko:ma (<a href=\"https:\/\/www.riotsong.de\/\" target=\"_blank\" rel=\"nofollow noopener\">H\u00f6rprobe<\/a>), im Weindorf an der B\u00fcrger-, Ecke Oschatzer Stra\u00dfe gibt es zum kr\u00f6nenden Abschluss des Abends die Skaprifischer mit Reggae und Ska (audiovisueller Eindruck auf <a href=\"https:\/\/youtu.be\/U7OQ4cBvUPs?si=HLTP7rHv7EUTZkbg\" target=\"_blank\" rel=\"nofollow noopener\">Youtube<\/a>). <img loading=\"lazy\" decoding=\"async\" src=\"https:\/\/www.europesays.com\/de\/wp-content\/uploads\/2025\/06\/2025-06-01-Buehne.jpg\" alt=\"Die Blechlawine ist auch in diesem Jahr wieder dabei - Foto: Archiv\/J. Frintert\" width=\"2400\" height=\"1351\" class=\"size-full wp-image-59035\"  \/>Die Blechlawine ist auch in diesem Jahr wieder dabei \u2013 Foto: Archiv\/J. Frintert <\/p>\n<p>Am Sonnabend treten The Lazy Boys bei der Hofmusik auf (<a href=\"https:\/\/www.lazyboys.de\/my-songs\" target=\"_blank\" rel=\"nofollow noopener\">H\u00f6rprobe<\/a>), am Konkordienplatz wird es krachig mit der <a href=\"https:\/\/www.blechlawine.de\/\" target=\"_blank\" rel=\"nofollow noopener\">Blechlawine<\/a> und ruhig mit Tini Bot &amp; Band (<a href=\"https:\/\/soundcloud.com\/tini-bot\" target=\"_blank\" rel=\"nofollow noopener\">H\u00f6rprobe<\/a>), Hard Rock und Metal gibt es um 23 Uhr mit Firmament am \u201eKap der guten Hoffnungen\u201c (<a href=\"https:\/\/firmamentband.bandcamp.com\/album\/for-centuries-alive\" target=\"_blank\" rel=\"nofollow noopener\">H\u00f6rprobe<\/a>). \u201eNo King. No Crown\u201c spielen im Weindorf (<a href=\"https:\/\/nokingnocrown.de\/music\/we-made-ourselves-a-home\/\" target=\"_blank\" rel=\"nofollow noopener\">H\u00f6rprobe<\/a>).<\/p>\n<p><a class=\"gofollow\" data-track=\"MTQ0LDEsNjA=\" href=\"https:\/\/babicka-im-rausch.de\/\" target=\"_blank\" rel=\"noopener nofollow\"><img loading=\"lazy\" decoding=\"async\" src=\"https:\/\/www.europesays.com\/de\/wp-content\/uploads\/2026\/02\/2026-02-16-Anzeige-Baicka2.jpg\" alt=\"Babicka Dresden\" width=\"300\" height=\"250\"\/><\/a> <\/p>\n<p>Der Sonntag steht ganz im Zeichen der Familien, so gibt es im Koenitzhof die Knirpsenstadt, am Konkordienplatz spielen Friedolin &amp; Friedoline, bevor es Kindertanz mit Katrin und Kinderdisco mit LaRey gibt. Am \u201eKap der guten Hoffnungen\u201c kann wie jeden Fest-Tag Textil bedruckt werden, sp\u00e4ter spielt Jimmy Glitschy aus Jena dann Stoner-Metal (<a href=\"https:\/\/www.backstagepro.de\/jimmyglitschydereinarmigekarussellbremser\" target=\"_blank\" rel=\"nofollow noopener\">H\u00f6rprobe<\/a>). Im Weindorf singt zum Abschluss der DVB-Chor auf. <\/p>\n<p>Neben dem B\u00fchnenprogramm gibt es auch eine K\u00fcnstlermeile, eine Spielstra\u00dfe, diverse Initiativen aus der Nachbarschaft beteiligen sich. Am besten l\u00e4sst man sich einfach durch die Stra\u00dfen treiben. Achtung, Anwohner, folgende Stra\u00dfen sind ab Freitag, 5. Juni, 7 Uhr bis Montag, 8. Juni, 10 Uhr gesperrt. Bitte dort parkende Fahrzeuge rechtzeitig entfernen. <\/p>\n<p>Folgende Stra\u00dfen sind gesperrt: <\/p>\n<ul>\n<li>Oschatzer Stra\u00dfe zwischen Leipziger Stra\u00dfe und Haus Nr. 42<\/li>\n<li>Torgauer Stra\u00dfe zwischen Konkordienstra\u00dfe und B\u00fcrgerstra\u00dfe<\/li>\n<li>Rosa-Steinhart-Stra\u00dfe bis Moritzburger Stra\u00dfe<\/li>\n<li>Konkordienplatz<\/li>\n<li>Konkordienstra\u00dfe zwischen Konkordienplatz und Spielplatz<\/li>\n<li>Neudorfer Weg bis Konkordienstra\u00dfe<\/li>\n<\/ul>\n<p> <img loading=\"lazy\" decoding=\"async\" src=\"https:\/\/pieschen-aktuell.de\/wp-content\/uploads\/2026\/05\/2026-05-29-sankt-pieschen-stadtteilfest-2026-plakat-723x1024-1-png.avif\" alt=\"Stadtteilfest &quot;Sankt Pieschen&quot;\" width=\"1200\" height=\"1700\" class=\"size-full wp-image-75799\"  \/>Stadtteilfest \u201eSankt Pieschen\u201c  <\/p>\n","protected":false},"excerpt":{"rendered":"Vom 5. bis 7. Juni wird in Pieschen wieder das heilige Stadtteilfest gefeiert. Das Organisationsteam rund um den&hellip;\n","protected":false},"author":2,"featured_media":1058275,"comment_status":"","ping_status":"","sticky":false,"template":"","format":"standard","meta":{"footnotes":"","_share_on_mastodon":"0"},"categories":[1835],"tags":[3364,29,2386,30,37752,859,225878],"class_list":["post-1058274","post","type-post","status-publish","format-standard","has-post-thumbnail","category-dresden","tag-de","tag-deutschland","tag-dresden","tag-germany","tag-pieschen","tag-sachsen","tag-sankt-pieschen"],"share_on_mastodon":{"url":"https:\/\/pubeurope.com\/@de\/116666232408516848","error":""},"_links":{"self":[{"href":"https:\/\/www.europesays.com\/de\/wp-json\/wp\/v2\/posts\/1058274","targetHints":{"allow":["GET"]}}],"collection":[{"href":"https:\/\/www.europesays.com\/de\/wp-json\/wp\/v2\/posts"}],"about":[{"href":"https:\/\/www.europesays.com\/de\/wp-json\/wp\/v2\/types\/post"}],"author":[{"embeddable":true,"href":"https:\/\/www.europesays.com\/de\/wp-json\/wp\/v2\/users\/2"}],"replies":[{"embeddable":true,"href":"https:\/\/www.europesays.com\/de\/wp-json\/wp\/v2\/comments?post=1058274"}],"version-history":[{"count":0,"href":"https:\/\/www.europesays.com\/de\/wp-json\/wp\/v2\/posts\/1058274\/revisions"}],"wp:featuredmedia":[{"embeddable":true,"href":"https:\/\/www.europesays.com\/de\/wp-json\/wp\/v2\/media\/1058275"}],"wp:attachment":[{"href":"https:\/\/www.europesays.com\/de\/wp-json\/wp\/v2\/media?parent=1058274"}],"wp:term":[{"taxonomy":"category","embeddable":true,"href":"https:\/\/www.europesays.com\/de\/wp-json\/wp\/v2\/categories?post=1058274"},{"taxonomy":"post_tag","embeddable":true,"href":"https:\/\/www.europesays.com\/de\/wp-json\/wp\/v2\/tags?post=1058274"}],"curies":[{"name":"wp","href":"https:\/\/api.w.org\/{rel}","templated":true}]}}