{"id":1058450,"date":"2026-05-31T01:44:22","date_gmt":"2026-05-31T01:44:22","guid":{"rendered":"https:\/\/www.europesays.com\/de\/1058450\/"},"modified":"2026-05-31T01:44:22","modified_gmt":"2026-05-31T01:44:22","slug":"thielmann-abgang-koeln-waere-gespraechsbereit","status":"publish","type":"post","link":"https:\/\/www.europesays.com\/de\/1058450\/","title":{"rendered":"Thielmann-Abgang? K\u00f6ln w\u00e4re gespr\u00e4chsbereit"},"content":{"rendered":"<p>Der Kredit, den ihm die starke Verbundenheit zum Klub und das sportliche Potenzial gewiss eingebracht haben, scheint langsam aufgebraucht: Wie sich aus einem GEISSBLOG-Bericht ergibt, steht die gemeinsame Zukunft von Jan Thielmann und dem 1. FC K\u00f6ln durchaus auf wackligen Beinen.<br \/>\u00a0<br \/>Von einer konkreten Transferentwicklung ist zwar nicht die Rede, aber nach Informationen des K\u00f6lner Portals w\u00fcrde der FC dem seit 2017 zum Verein geh\u00f6renden Rechtsau\u00dfen in puncto Wechsel keine Steine mehr in den Weg legen.<br \/>\u00a0<br \/>Thielmanns Entwicklung gilt als stagnierend. In der abgelaufenen Saison blickt er zwar auf insgesamt 20 Startelfeins\u00e4tze in der Bundesliga, aber besonders unter Coach Ren\u00e9 Wagner konnte er sich zum Ende hin nicht in den Vordergrund spielen. In den vergangenen zweieinhalb Monaten kamen, auch verletzungsbedingt, nur drei Eins\u00e4tze von Beginn an zustande. Das letzte der drei Saisontore fiel Anfang Februar \u2013 zugleich die letzte direkte Torbeteiligung.<br \/>\u00a0<br \/>In K\u00f6ln besteht noch eine Vertragsbindung bis 2028. Nach GEISSBLOG-Einsch\u00e4tzung k\u00f6nnte Thielmann im Sommer ein recht unangenehmes Gespr\u00e4ch bevorstehen, sofern sich in der Vorbereitung auf dem Platz nicht ein anderes Bild zeigt.<\/p>\n<p><\/p>\n<p>LIGAINSIDER-DURCHSCHNITTSNOTE in den letzten VIER Jahren<\/p>\n","protected":false},"excerpt":{"rendered":"Der Kredit, den ihm die starke Verbundenheit zum Klub und das sportliche Potenzial gewiss eingebracht haben, scheint langsam&hellip;\n","protected":false},"author":2,"featured_media":1058451,"comment_status":"","ping_status":"","sticky":false,"template":"","format":"standard","meta":{"footnotes":"","_share_on_mastodon":"0"},"categories":[1828],"tags":[4808,623,31078,2217,29,347,30,3152,1420,15,1209,5422,10578,265,924,1288,2627,5421],"class_list":["post-1058450","post","type-post","status-publish","format-standard","has-post-thumbnail","category-koeln","tag-1-bundesliga","tag-1-fc-koeln","tag-2025-26","tag-bilanz","tag-deutschland","tag-fussball","tag-germany","tag-jan-thielmann","tag-koeln","tag-news","tag-nordrhein-westfalen","tag-quote","tag-rechte-aussenbahn","tag-sport","tag-statistik","tag-transfers","tag-verletzungen","tag-wechsel"],"share_on_mastodon":{"url":"https:\/\/pubeurope.com\/@de\/116666660875096456","error":""},"_links":{"self":[{"href":"https:\/\/www.europesays.com\/de\/wp-json\/wp\/v2\/posts\/1058450","targetHints":{"allow":["GET"]}}],"collection":[{"href":"https:\/\/www.europesays.com\/de\/wp-json\/wp\/v2\/posts"}],"about":[{"href":"https:\/\/www.europesays.com\/de\/wp-json\/wp\/v2\/types\/post"}],"author":[{"embeddable":true,"href":"https:\/\/www.europesays.com\/de\/wp-json\/wp\/v2\/users\/2"}],"replies":[{"embeddable":true,"href":"https:\/\/www.europesays.com\/de\/wp-json\/wp\/v2\/comments?post=1058450"}],"version-history":[{"count":0,"href":"https:\/\/www.europesays.com\/de\/wp-json\/wp\/v2\/posts\/1058450\/revisions"}],"wp:featuredmedia":[{"embeddable":true,"href":"https:\/\/www.europesays.com\/de\/wp-json\/wp\/v2\/media\/1058451"}],"wp:attachment":[{"href":"https:\/\/www.europesays.com\/de\/wp-json\/wp\/v2\/media?parent=1058450"}],"wp:term":[{"taxonomy":"category","embeddable":true,"href":"https:\/\/www.europesays.com\/de\/wp-json\/wp\/v2\/categories?post=1058450"},{"taxonomy":"post_tag","embeddable":true,"href":"https:\/\/www.europesays.com\/de\/wp-json\/wp\/v2\/tags?post=1058450"}],"curies":[{"name":"wp","href":"https:\/\/api.w.org\/{rel}","templated":true}]}}