{"id":1058587,"date":"2026-05-31T03:12:19","date_gmt":"2026-05-31T03:12:19","guid":{"rendered":"https:\/\/www.europesays.com\/de\/1058587\/"},"modified":"2026-05-31T03:12:19","modified_gmt":"2026-05-31T03:12:19","slug":"vor-dem-abflug-zur-wm-hammer-um-deniz-undav-beim-vfb-stuttgart","status":"publish","type":"post","link":"https:\/\/www.europesays.com\/de\/1058587\/","title":{"rendered":"Vor dem Abflug zur WM: Hammer um Deniz Undav beim VfB Stuttgart!"},"content":{"rendered":"<p>Undav selbst hatte den Verantwortlichen des Pokalfinalisten angeblich bereits fr\u00fchzeitig signalisiert, sich einen langfristigen Verbleib beim VfB gut vorstellen zu k\u00f6nnen. Sowohl im Verein, als auch in der Stadt f\u00fchle er sich mit seiner Familie sehr wohl. Allerdings sollen auch internationale und zahlungskr\u00e4ftigere Klubs durch Undavs \u00fcberzeugende Leistungen auf den DFB-St\u00fcrmer aufmerksam geworden sein.<\/p>\n<p>Hinter Undav liegt eine herausragende Saison im Dress der Schwaben. Der 2024 f\u00fcr knapp 27 Millionen Euro von Brighton fest verpflichtete Angreifer erzielte 25 Tore in 45 Pflichtspielen, dazu gelangen ihm noch 14 Assists. Damit hatte er ma\u00dfgeblichen Anteil an Stuttgarts erfolgreicher Spielzeit.<\/p>\n<p>Anders als beim VfB wird Undav wohl dennoch unter Bundestrainer Julian Nagelsmann vorerst als Joker bei der WM eine Rolle spielen. Der Platz in der vordersten Spitze d\u00fcrfte Kai Havertz nicht zu nehmen sein. Allerdings bekommt Undav am Sonntagabend die Gelegenheit, Eigenwerbung zu betreiben: <a href=\"https:\/\/www.spox.com\/fussball\/listen\/dicke-ueberraschung-deniz-undav-julian-nagelsmann-verraet-details-zur-startelf-im-wm-test-gegen-finnland\/bltf903367cb4893b77\" target=\"_blank\" rel=\"nofollow noopener\">Wie Nagelsmann am Samstag verriet,<\/a> wird Undav in Abwesenheit von Havertz, der mit Arsenal am Abend das Champions-League-Finale gegen PSG bestreitet, im Freundschaftsspiel gegen Finnland in der deutschen Startelf stehen.<\/p>\n","protected":false},"excerpt":{"rendered":"Undav selbst hatte den Verantwortlichen des Pokalfinalisten angeblich bereits fr\u00fchzeitig signalisiert, sich einen langfristigen Verbleib beim VfB gut&hellip;\n","protected":false},"author":2,"featured_media":1058588,"comment_status":"","ping_status":"","sticky":false,"template":"","format":"standard","meta":{"footnotes":"","_share_on_mastodon":"0"},"categories":[1830],"tags":[1634,299,159418,3364,29,30,1441,2915],"class_list":["post-1058587","post","type-post","status-publish","format-standard","has-post-thumbnail","category-stuttgart","tag-baden-wuerttemberg","tag-bundesliga","tag-d-undav","tag-de","tag-deutschland","tag-germany","tag-stuttgart","tag-vfb-stuttgart"],"share_on_mastodon":{"url":"https:\/\/pubeurope.com\/@de\/116667006809364385","error":""},"_links":{"self":[{"href":"https:\/\/www.europesays.com\/de\/wp-json\/wp\/v2\/posts\/1058587","targetHints":{"allow":["GET"]}}],"collection":[{"href":"https:\/\/www.europesays.com\/de\/wp-json\/wp\/v2\/posts"}],"about":[{"href":"https:\/\/www.europesays.com\/de\/wp-json\/wp\/v2\/types\/post"}],"author":[{"embeddable":true,"href":"https:\/\/www.europesays.com\/de\/wp-json\/wp\/v2\/users\/2"}],"replies":[{"embeddable":true,"href":"https:\/\/www.europesays.com\/de\/wp-json\/wp\/v2\/comments?post=1058587"}],"version-history":[{"count":0,"href":"https:\/\/www.europesays.com\/de\/wp-json\/wp\/v2\/posts\/1058587\/revisions"}],"wp:featuredmedia":[{"embeddable":true,"href":"https:\/\/www.europesays.com\/de\/wp-json\/wp\/v2\/media\/1058588"}],"wp:attachment":[{"href":"https:\/\/www.europesays.com\/de\/wp-json\/wp\/v2\/media?parent=1058587"}],"wp:term":[{"taxonomy":"category","embeddable":true,"href":"https:\/\/www.europesays.com\/de\/wp-json\/wp\/v2\/categories?post=1058587"},{"taxonomy":"post_tag","embeddable":true,"href":"https:\/\/www.europesays.com\/de\/wp-json\/wp\/v2\/tags?post=1058587"}],"curies":[{"name":"wp","href":"https:\/\/api.w.org\/{rel}","templated":true}]}}