{"id":1058612,"date":"2026-05-31T03:27:14","date_gmt":"2026-05-31T03:27:14","guid":{"rendered":"https:\/\/www.europesays.com\/de\/1058612\/"},"modified":"2026-05-31T03:27:14","modified_gmt":"2026-05-31T03:27:14","slug":"zwillinge-mischen-high-society-auf-die-geheimnisvollen-graefinnen-von-faber-castell-unterhaltung","status":"publish","type":"post","link":"https:\/\/www.europesays.com\/de\/1058612\/","title":{"rendered":"Zwillinge mischen High Society auf: Die geheimnisvollen Gr\u00e4finnen von Faber-Castell | Unterhaltung"},"content":{"rendered":"<p><b>Sie geh\u00f6ren zu Deutschlands bekanntesten Unternehmer-Clans, leben im bayerischen Schloss und im internationalen Jetset: die Faber-Castell-Zwillinge Victoria und Sarah (29). Jetzt sollen beide gleichzeitig ihr Herz an M\u00e4nner aus zwei m\u00e4chtigen Dynastien Europas verloren haben.<br \/>\nWer die neuen Partner wirklich sind, wie eng sich deutscher Adel und franz\u00f6sischer Geldadel nun verbinden und welches Leben die Gr\u00e4finnen zwischen Stammschloss, Luxusmarken und Elite-Unis f\u00fchren, lesen Sie mit BILDplus.<br \/>\n<\/b><\/p>\n","protected":false},"excerpt":{"rendered":"Sie geh\u00f6ren zu Deutschlands bekanntesten Unternehmer-Clans, leben im bayerischen Schloss und im internationalen Jetset: die Faber-Castell-Zwillinge Victoria und&hellip;\n","protected":false},"author":2,"featured_media":1058613,"comment_status":"","ping_status":"","sticky":false,"template":"","format":"standard","meta":{"footnotes":"","_share_on_mastodon":"0"},"categories":[1776],"tags":[1801,29,214,42894,2931,30,64369,319,1802,2127,215],"class_list":["post-1058612","post","type-post","status-publish","format-standard","has-post-thumbnail","category-prominente","tag-celebrities","tag-deutschland","tag-entertainment","tag-faber-castell","tag-forbes-magazine","tag-germany","tag-louis-vuitton","tag-paris","tag-prominente","tag-streit","tag-unterhaltung"],"share_on_mastodon":{"url":"https:\/\/pubeurope.com\/@de\/116667065572736828","error":""},"_links":{"self":[{"href":"https:\/\/www.europesays.com\/de\/wp-json\/wp\/v2\/posts\/1058612","targetHints":{"allow":["GET"]}}],"collection":[{"href":"https:\/\/www.europesays.com\/de\/wp-json\/wp\/v2\/posts"}],"about":[{"href":"https:\/\/www.europesays.com\/de\/wp-json\/wp\/v2\/types\/post"}],"author":[{"embeddable":true,"href":"https:\/\/www.europesays.com\/de\/wp-json\/wp\/v2\/users\/2"}],"replies":[{"embeddable":true,"href":"https:\/\/www.europesays.com\/de\/wp-json\/wp\/v2\/comments?post=1058612"}],"version-history":[{"count":0,"href":"https:\/\/www.europesays.com\/de\/wp-json\/wp\/v2\/posts\/1058612\/revisions"}],"wp:featuredmedia":[{"embeddable":true,"href":"https:\/\/www.europesays.com\/de\/wp-json\/wp\/v2\/media\/1058613"}],"wp:attachment":[{"href":"https:\/\/www.europesays.com\/de\/wp-json\/wp\/v2\/media?parent=1058612"}],"wp:term":[{"taxonomy":"category","embeddable":true,"href":"https:\/\/www.europesays.com\/de\/wp-json\/wp\/v2\/categories?post=1058612"},{"taxonomy":"post_tag","embeddable":true,"href":"https:\/\/www.europesays.com\/de\/wp-json\/wp\/v2\/tags?post=1058612"}],"curies":[{"name":"wp","href":"https:\/\/api.w.org\/{rel}","templated":true}]}}