{"id":1058644,"date":"2026-05-31T03:48:36","date_gmt":"2026-05-31T03:48:36","guid":{"rendered":"https:\/\/www.europesays.com\/de\/1058644\/"},"modified":"2026-05-31T03:48:36","modified_gmt":"2026-05-31T03:48:36","slug":"geplante-gesundheitsreform-therapeuten-fuerchten-schlechtere-versorgung","status":"publish","type":"post","link":"https:\/\/www.europesays.com\/de\/1058644\/","title":{"rendered":"Geplante Gesundheitsreform: Therapeuten f\u00fcrchten schlechtere Versorgung"},"content":{"rendered":"<p class=\"text_ohne_einzug richtext text-em-55 !leading-serif mx-6 desktop:mx-0\">Judith Troost ist Kinder- und Jugendlichenpsychotherapeutin \u2013 und das von ganzem Herzen. Die Willicherin betreibt seit 16 Jahren in M\u00f6nchengladbach mit Ruth Maiwald eine Praxis. \u201eSeit Jahren m\u00fcssen wir feststellen, dass die Versorgung dem Bedarf nicht gerecht werden kann. Gerade nach Corona verzeichnen wir eine enorme Nachfrage nach ambulanter Psychotherapie\u201c, sagt Troost. Schon jetzt liege die Wartezeit auf einen Therapieplatz bei neun bis zw\u00f6lf Monaten. \u201eWir k\u00f6nnen unsere Wartelisten gar nicht mehr sinnvoll verwalten\u201c, sagt Maiwald. Neben Anrufen gingen t\u00e4glich Anfragen per E-Mail ein. Durchschnittlich seien es \u00fcber zehn pro Woche, f\u00fcgt Troost an. Die Situation habe sich schon zugespitzt, aber es k\u00f6nnte noch schlimmer kommen, wenn die Gesundheitsreform in ihrer geplanten Form umgesetzt werden sollte, f\u00fcrchtet Troost.<\/p>\n","protected":false},"excerpt":{"rendered":"Judith Troost ist Kinder- und Jugendlichenpsychotherapeutin \u2013 und das von ganzem Herzen. Die Willicherin betreibt seit 16 Jahren&hellip;\n","protected":false},"author":2,"featured_media":1058645,"comment_status":"","ping_status":"","sticky":false,"template":"","format":"standard","meta":{"footnotes":"","_share_on_mastodon":"0"},"categories":[1849],"tags":[54340,3364,29,548,663,3934,17761,30,33657,13,82006,1722,225923,225924,4455,14,15,1209,225925,6807,225927,12,10440,225922,5028,225926],"class_list":["post-1058644","post","type-post","status-publish","format-standard","has-post-thumbnail","category-moenchengladbach","tag-versicherte","tag-de","tag-deutschland","tag-eu","tag-europa","tag-europe","tag-form","tag-germany","tag-gesundheitsreform","tag-headlines","tag-judith","tag-jugendliche","tag-jugendlichenpsychotherapeutin","tag-maiwald","tag-moenchengladbach","tag-nachrichten","tag-news","tag-nordrhein-westfalen","tag-psychotherapeuten","tag-psychotherapie","tag-psychotherapiepraxis","tag-schlagzeilen","tag-therapeuten","tag-troost","tag-versorgung","tag-versorgungskrise"],"share_on_mastodon":{"url":"https:\/\/pubeurope.com\/@de\/116667148467315176","error":""},"_links":{"self":[{"href":"https:\/\/www.europesays.com\/de\/wp-json\/wp\/v2\/posts\/1058644","targetHints":{"allow":["GET"]}}],"collection":[{"href":"https:\/\/www.europesays.com\/de\/wp-json\/wp\/v2\/posts"}],"about":[{"href":"https:\/\/www.europesays.com\/de\/wp-json\/wp\/v2\/types\/post"}],"author":[{"embeddable":true,"href":"https:\/\/www.europesays.com\/de\/wp-json\/wp\/v2\/users\/2"}],"replies":[{"embeddable":true,"href":"https:\/\/www.europesays.com\/de\/wp-json\/wp\/v2\/comments?post=1058644"}],"version-history":[{"count":0,"href":"https:\/\/www.europesays.com\/de\/wp-json\/wp\/v2\/posts\/1058644\/revisions"}],"wp:featuredmedia":[{"embeddable":true,"href":"https:\/\/www.europesays.com\/de\/wp-json\/wp\/v2\/media\/1058645"}],"wp:attachment":[{"href":"https:\/\/www.europesays.com\/de\/wp-json\/wp\/v2\/media?parent=1058644"}],"wp:term":[{"taxonomy":"category","embeddable":true,"href":"https:\/\/www.europesays.com\/de\/wp-json\/wp\/v2\/categories?post=1058644"},{"taxonomy":"post_tag","embeddable":true,"href":"https:\/\/www.europesays.com\/de\/wp-json\/wp\/v2\/tags?post=1058644"}],"curies":[{"name":"wp","href":"https:\/\/api.w.org\/{rel}","templated":true}]}}