{"id":1058654,"date":"2026-05-31T03:54:14","date_gmt":"2026-05-31T03:54:14","guid":{"rendered":"https:\/\/www.europesays.com\/de\/1058654\/"},"modified":"2026-05-31T03:54:14","modified_gmt":"2026-05-31T03:54:14","slug":"kinosessel-karlsruhe-hype-um-rote-schauburg-stuehle-vor-renovierung-2","status":"publish","type":"post","link":"https:\/\/www.europesays.com\/de\/1058654\/","title":{"rendered":"Kinosessel Karlsruhe: Hype um rote Schauburg-St\u00fchle vor Renovierung"},"content":{"rendered":"<p class=\"mb-6 text-xs md:text-m lg:text-l font-serif group-[.font-sans]:font-sans \">\n    Der Kinosaal Cinema in der Schauburg <a href=\"https:\/\/www.ka-news.de\/promis\/karlsruhe-kulturlandschaft-technologieregion-und-residenz-des-rechts-die-faecherstadt-im-ueberblick-art-2783253\" target=\"_self\" class=\"underline \" rel=\"nofollow noopener\">Karlsruhe<\/a> ist hell erleuchtet. <strong class=\"font-bold\">Statt gespannte Ruhe herrscht emsiges Treiben<\/strong>. Die Besucher knien hinter und unter den Sesseln, l\u00f6sen mit ihrem Werkzeug die Schrauben und Befestigungen der St\u00fchle.\n  <\/p>\n<p class=\"mb-6 text-xs md:text-m lg:text-l font-serif group-[.font-sans]:font-sans \">\n    <a href=\"https:\/\/www.ka-news.de\/karlsruhe\/freizeit-und-veranstaltungen\/schauburg-karlsruhe-schliesst-zwei-wochen-und-verkauft-kinosessel-27-5-26-114235034\" target=\"_self\" class=\"underline \" rel=\"nofollow noopener\">Denn im Zuge einer Renovierung gibt das Kino seine Sessel ab<\/a>. \u201eDie Kinog\u00e4ste k\u00f6nnen den Stuhl mitnehmen, auf dem sie gesessen sind\u201c, sagt Gesch\u00e4ftsf\u00fchrerin Saskia Fleischhauer. <a href=\"https:\/\/www.ka-news.de\/karlsruhe\/freizeit-und-veranstaltungen\/karlsruhe-schauburg-verkauft-kinosessel-wie-geht-es-dem-kultkino-in-der-suedstadt-29-5-26-114275869\" target=\"_self\" class=\"underline \" rel=\"nofollow noopener\">Bereits zum dritten Mal findet diese Aktion statt, der Andrang war jedes Mal gro\u00df<\/a>. \u201eInnerhalb eines Tages waren die Tickets diesmal ausverkauft\u201c, sagt Fleischhauer. <strong class=\"font-bold\">Warum sind die Karlsruher so hei\u00df auf die roten Kinosessel?<\/strong> ka-news war bei der Veranstaltung am Mittwoch, 27. Mai, vor Ort und hat sie gefragt.\n  <\/p>\n<p>            Kino-Gef\u00fchl auf der Arbeit<\/p>\n<p class=\"mb-6 text-xs md:text-m lg:text-l font-serif group-[.font-sans]:font-sans \">\n    F\u00fcr Steffen ist es <strong class=\"font-bold\">ein St\u00fcck Erinnerung zum Mitnehmen<\/strong>. \u201eIch liebe die Schauburg. Ich finde, es ist das sch\u00f6nste Kino in <a href=\"https:\/\/www.ka-news.de\/karlsruhe\" target=\"_self\" class=\"underline \" rel=\"nofollow noopener\">Karlsruhe<\/a>\u201c, sagt er. Mit Freunden ist er oft in der Schauburg \u2013 <strong class=\"font-bold\">ein kleines Andenken an die vielen Besuche wollte er sich erhalten.<\/strong>\n  <\/p>\n<p>    <img decoding=\"async\" src=\"https:\/\/www.europesays.com\/de\/wp-content\/uploads\/2026\/05\/img9464.jpg\" alt=\"Steffen und Chrisi bauen gemeinsam drei St\u00fchle aus.\" title=\"Steffen und Chrisi bauen gemeinsam drei St\u00fchle aus.\" loading=\"lazy\" class=\"h-full w-full object-cover\"\/><\/p>\n<p>      Icon vergr\u00f6\u00dfern<\/p>\n<p>    Steffen und Chrisi bauen gemeinsam drei St\u00fchle aus.<br \/>\n    Foto: Thomas Riedel<\/p>\n<p>        Schlie\u00dfen <\/p>\n<p>      Icon Schlie\u00dfen<\/p>\n<p>        Icon vergr\u00f6\u00dfern<\/p>\n<p>        Icon verkleinern<\/p>\n<p>      Icon Pfeil bewegen<\/p>\n<p>    Steffen und Chrisi bauen gemeinsam drei St\u00fchle aus.<br \/>\n    Foto: Thomas Riedel<\/p>\n<p class=\"mb-6 text-xs md:text-m lg:text-l font-serif group-[.font-sans]:font-sans \">\n    Gemeinsam mit einer Freundin baut er drei St\u00fchle aus. \u201eDie kommen bei uns ins Gemeinschaftsb\u00fcro\u201c, sagt er. Sie w\u00fcrden ideal in den Co-Working- und Event-Raum seiner Arbeitsstelle passen.\n  <\/p>\n<p>            \u201eDie Schauburg ist f\u00fcr mich wie ein zweites Wohnzimmer&#8220;<\/p>\n<p class=\"mb-6 text-xs md:text-m lg:text-l font-serif group-[.font-sans]:font-sans \">\n    Nikolas baut mit seiner Freundin zwei St\u00fchle aus. <strong class=\"font-bold\">\u201eDie kommen bei uns ins Wohnzimmer. Dann m\u00fcssen wir noch einen Beamer besorgen und schon haben wir ein Heimkino\u201c,<\/strong> sagt er. Seit zwei Jahren wohnt er nicht weit von der Schauburg und besucht das Kino deshalb regelm\u00e4\u00dfig. \u201eDie Schauburg ist f\u00fcr mich schon wie ein zweites Wohnzimmer geworden\u201c, sagt er und lacht.\n  <\/p>\n<p>    <img decoding=\"async\" src=\"https:\/\/www.europesays.com\/de\/wp-content\/uploads\/2026\/05\/1780199651_866_img9467.jpg\" alt=\"Nikolas und seine Partnerin bauen zwei Sessel f\u00fcr ihr Wohnzimmer aus.\" title=\"Nikolas und seine Partnerin bauen zwei Sessel f\u00fcr ihr Wohnzimmer aus.\" loading=\"lazy\" class=\"h-full w-full object-cover\"\/><\/p>\n<p>      Icon vergr\u00f6\u00dfern<\/p>\n<p>    Nikolas und seine Partnerin bauen zwei Sessel f\u00fcr ihr Wohnzimmer aus.<br \/>\n    Foto: Thomas Riedel<\/p>\n<p>        Schlie\u00dfen <\/p>\n<p>      Icon Schlie\u00dfen<\/p>\n<p>        Icon vergr\u00f6\u00dfern<\/p>\n<p>        Icon verkleinern<\/p>\n<p>      Icon Pfeil bewegen<\/p>\n<p>    Nikolas und seine Partnerin bauen zwei Sessel f\u00fcr ihr Wohnzimmer aus.<br \/>\n    Foto: Thomas Riedel<\/p>\n<p class=\"mb-6 text-xs md:text-m lg:text-l font-serif group-[.font-sans]:font-sans \">\n    Zwei Sessel des Zweitwohnzimmers werden k\u00fcnftig sein eigenes Wohnzimmer zieren. \u201eEs ist einfach sch\u00f6n, so einen Sessel zu besitzen\u201c, sagt Nikolas. <strong class=\"font-bold\">Weit haben die beiden es zum Gl\u00fcck nicht<\/strong>. \u201eSie nimmt einen und ich den anderen Stuhl und dann tragen wir sie die 100 Meter nach Hause.\u201c\n  <\/p>\n<p>    <img decoding=\"async\" src=\"https:\/\/images.mgpd.de\/img\/114327966\/crop\/c16_9-w100\/158515189\/490629983\/img9484.jpg\" alt=\"Nikolas und seine Partnerin bauen zwei Sessel f\u00fcr ihr Wohnzimmer aus.\" title=\"Nikolas und seine Partnerin bauen zwei Sessel f\u00fcr ihr Wohnzimmer aus.\" loading=\"lazy\" class=\"h-full w-full object-cover\"\/><\/p>\n<p>      Icon vergr\u00f6\u00dfern<\/p>\n<p>    Nikolas und seine Partnerin bauen zwei Sessel f\u00fcr ihr Wohnzimmer aus.<br \/>\n    Foto: Thomas Riedel<\/p>\n<p>        Schlie\u00dfen <\/p>\n<p>      Icon Schlie\u00dfen<\/p>\n<p>        Icon vergr\u00f6\u00dfern<\/p>\n<p>        Icon verkleinern<\/p>\n<p>      Icon Pfeil bewegen<\/p>\n<p>    Nikolas und seine Partnerin bauen zwei Sessel f\u00fcr ihr Wohnzimmer aus.<br \/>\n    Foto: Thomas Riedel<\/p>\n<p>            Sie hoffen auf einen Sessel<\/p>\n<p class=\"mb-6 text-xs md:text-m lg:text-l font-serif group-[.font-sans]:font-sans \">\n    Nik und ein Freund sitzen im Foyer des Kinos. Ihren Werkzeugkoffer haben sie parat, ein Ticket haben sie leider nicht mehr bekommen. <strong class=\"font-bold\">Sie hoffen darauf, trotzdem einen Sessel ergattern zu k\u00f6nnen.<\/strong>\n  <\/p>\n<p>    <img decoding=\"async\" src=\"https:\/\/images.mgpd.de\/img\/114327964\/crop\/c16_9-w100\/1746898952\/814253775\/img9501-1.jpg\" alt=\"Nik und ein Freund warten mit ihrem Werkzeugkoffer im Foyer der Schauburg. Sie hoffen, noch einen Sessel ergattern zu k\u00f6nnen.\" title=\"Nik und ein Freund warten mit ihrem Werkzeugkoffer im Foyer der Schauburg. Sie hoffen, noch einen Sessel ergattern zu k\u00f6nnen.\" loading=\"lazy\" class=\"h-full w-full object-cover\"\/><\/p>\n<p>      Icon vergr\u00f6\u00dfern<\/p>\n<p>    Nik und ein Freund warten mit ihrem Werkzeugkoffer im Foyer der Schauburg. Sie hoffen, noch einen Sessel ergattern zu k\u00f6nnen.<br \/>\n    Foto: Thomas Riedel<\/p>\n<p>        Schlie\u00dfen <\/p>\n<p>      Icon Schlie\u00dfen<\/p>\n<p>        Icon vergr\u00f6\u00dfern<\/p>\n<p>        Icon verkleinern<\/p>\n<p>      Icon Pfeil bewegen<\/p>\n<p>    Nik und ein Freund warten mit ihrem Werkzeugkoffer im Foyer der Schauburg. Sie hoffen, noch einen Sessel ergattern zu k\u00f6nnen.<br \/>\n    Foto: Thomas Riedel<\/p>\n<p class=\"mb-6 text-xs md:text-m lg:text-l font-serif group-[.font-sans]:font-sans \">\n    \u201eEs ist einfach ein Andenken. Die St\u00fchle sind cool und haben schon viel Geschichte hinter sich\u201c, sagt Nik. <strong class=\"font-bold\">Er besucht die Schauburg regelm\u00e4\u00dfig und hofft darauf, sich ein Erinnerungsst\u00fcck sichern zu k\u00f6nnen.<\/strong>\n  <\/p>\n<p>            Bis zur n\u00e4chsten Aktion wird es dauern<\/p>\n<p class=\"mb-6 text-xs md:text-m lg:text-l font-serif group-[.font-sans]:font-sans \">\n    Sollte es nicht klappen, m\u00fcsste er sich <strong class=\"font-bold\">noch l\u00e4nger gedulden<\/strong>. Mit dem Cinema wird der letzte Kinosaal renoviert. Laut Fleischhauer<strong class=\"font-bold\"> werden die neuen Sessel f\u00fcr die n\u00e4chsten f\u00fcnf bis zehn Jahre halten.<\/strong>\n  <\/p>\n<p>    <img decoding=\"async\" src=\"https:\/\/images.mgpd.de\/img\/114327909\/crop\/c16_9-w100\/1659961122\/44256489\/img9376-1.jpg\" alt=\"Saskia Fleischhauer, Gesch\u00e4ftsf\u00fchrerin der Schauburg Karlsruhe, im Foyer der Schauburg am 27. Mai 2026.\" title=\"Saskia Fleischhauer, Gesch\u00e4ftsf\u00fchrerin der Schauburg Karlsruhe, im Foyer der Schauburg am 27. Mai 2026.\" loading=\"lazy\" class=\"h-full w-full object-cover\"\/><\/p>\n<p>      Icon vergr\u00f6\u00dfern<\/p>\n<p>    Saskia Fleischhauer, Gesch\u00e4ftsf\u00fchrerin der Schauburg Karlsruhe, im Foyer der Schauburg am 27. Mai 2026.<br \/>\n    Foto: Thomas Riedel<\/p>\n<p>        Schlie\u00dfen <\/p>\n<p>      Icon Schlie\u00dfen<\/p>\n<p>        Icon vergr\u00f6\u00dfern<\/p>\n<p>        Icon verkleinern<\/p>\n<p>      Icon Pfeil bewegen<\/p>\n<p>    Saskia Fleischhauer, Gesch\u00e4ftsf\u00fchrerin der Schauburg Karlsruhe, im Foyer der Schauburg am 27. Mai 2026.<br \/>\n    Foto: Thomas Riedel<\/p>\n<p class=\"mb-6 text-xs md:text-m lg:text-l font-serif group-[.font-sans]:font-sans \">\n    Die Schauburg wird von <strong class=\"font-bold\">Donnerstag, 28. Mai, bis Sonntag, 14. Juni, f\u00fcr die Renovierung geschlossen<\/strong>. Neben dem Kinosaal werden die Toiletten, der Boden im Eingang und Foyer sowie die hintere Theke saniert. Der Schauburg-Stil soll dabei erhalten bleiben. \u201eBesucher werden alles so vorfinden, wie es war. Nur mit neuerer Technik\u201c, sagt Fleischhauer.\n  <\/p>\n<p>            Besucher starten mit Anleitung zum Ausbau<\/p>\n<p class=\"mb-6 text-xs md:text-m lg:text-l font-serif group-[.font-sans]:font-sans \">\n    Im Vorfeld des Ausbaus haben die Besucher eine kurze Anleitung erhalten.\n  <\/p>\n<p>    <img decoding=\"async\" src=\"https:\/\/www.europesays.com\/de\/wp-content\/uploads\/2026\/05\/img9434.jpg\" alt=\"Sessel-Aktion in der Schauburg Karlsruhe am 27. Mai 2026.\" title=\"Sessel-Aktion in der Schauburg Karlsruhe am 27. Mai 2026.\" loading=\"lazy\" class=\"h-full w-full object-cover\"\/><\/p>\n<p>      Icon vergr\u00f6\u00dfern<\/p>\n<p>    Sessel-Aktion in der Schauburg Karlsruhe am 27. Mai 2026.<br \/>\n    Foto: Thomas Riedel<\/p>\n<p>        Schlie\u00dfen <\/p>\n<p>      Icon Schlie\u00dfen<\/p>\n<p>        Icon vergr\u00f6\u00dfern<\/p>\n<p>        Icon verkleinern<\/p>\n<p>      Icon Pfeil bewegen<\/p>\n<p>    Sessel-Aktion in der Schauburg Karlsruhe am 27. Mai 2026.<br \/>\n    Foto: Thomas Riedel<\/p>\n<p>    <img decoding=\"async\" src=\"https:\/\/www.europesays.com\/de\/wp-content\/uploads\/2026\/05\/img9421-1.jpg\" alt=\"Sessel-Aktion in der Schauburg Karlsruhe am 27. Mai 2026.\" title=\"Sessel-Aktion in der Schauburg Karlsruhe am 27. Mai 2026.\" loading=\"lazy\" class=\"h-full w-full object-cover\"\/><\/p>\n<p>      Icon vergr\u00f6\u00dfern<\/p>\n<p>    Sessel-Aktion in der Schauburg Karlsruhe am 27. Mai 2026.<br \/>\n    Foto: Thomas Riedel<\/p>\n<p>        Schlie\u00dfen <\/p>\n<p>      Icon Schlie\u00dfen<\/p>\n<p>        Icon vergr\u00f6\u00dfern<\/p>\n<p>        Icon verkleinern<\/p>\n<p>      Icon Pfeil bewegen<\/p>\n<p>    Sessel-Aktion in der Schauburg Karlsruhe am 27. Mai 2026.<br \/>\n    Foto: Thomas Riedel<\/p>\n","protected":false},"excerpt":{"rendered":"Der Kinosaal Cinema in der Schauburg Karlsruhe ist hell erleuchtet. Statt gespannte Ruhe herrscht emsiges Treiben. Die Besucher&hellip;\n","protected":false},"author":2,"featured_media":1058655,"comment_status":"","ping_status":"","sticky":false,"template":"","format":"standard","meta":{"footnotes":"","_share_on_mastodon":"0"},"categories":[1844],"tags":[11427,1634,3364,29,30,4824,8903,1896,87867,192058,223370,26606],"class_list":["post-1058654","post","type-post","status-publish","format-standard","has-post-thumbnail","category-karlsruhe","tag-andenken","tag-baden-wuerttemberg","tag-de","tag-deutschland","tag-germany","tag-hype","tag-karlsruhe","tag-kinofilm","tag-kinosaal","tag-kinosessel","tag-saskia-fleischhauer","tag-schauburg"],"share_on_mastodon":{"url":"https:\/\/pubeurope.com\/@de\/116667172461011509","error":""},"_links":{"self":[{"href":"https:\/\/www.europesays.com\/de\/wp-json\/wp\/v2\/posts\/1058654","targetHints":{"allow":["GET"]}}],"collection":[{"href":"https:\/\/www.europesays.com\/de\/wp-json\/wp\/v2\/posts"}],"about":[{"href":"https:\/\/www.europesays.com\/de\/wp-json\/wp\/v2\/types\/post"}],"author":[{"embeddable":true,"href":"https:\/\/www.europesays.com\/de\/wp-json\/wp\/v2\/users\/2"}],"replies":[{"embeddable":true,"href":"https:\/\/www.europesays.com\/de\/wp-json\/wp\/v2\/comments?post=1058654"}],"version-history":[{"count":0,"href":"https:\/\/www.europesays.com\/de\/wp-json\/wp\/v2\/posts\/1058654\/revisions"}],"wp:featuredmedia":[{"embeddable":true,"href":"https:\/\/www.europesays.com\/de\/wp-json\/wp\/v2\/media\/1058655"}],"wp:attachment":[{"href":"https:\/\/www.europesays.com\/de\/wp-json\/wp\/v2\/media?parent=1058654"}],"wp:term":[{"taxonomy":"category","embeddable":true,"href":"https:\/\/www.europesays.com\/de\/wp-json\/wp\/v2\/categories?post=1058654"},{"taxonomy":"post_tag","embeddable":true,"href":"https:\/\/www.europesays.com\/de\/wp-json\/wp\/v2\/tags?post=1058654"}],"curies":[{"name":"wp","href":"https:\/\/api.w.org\/{rel}","templated":true}]}}