{"id":1058666,"date":"2026-05-31T04:01:35","date_gmt":"2026-05-31T04:01:35","guid":{"rendered":"https:\/\/www.europesays.com\/de\/1058666\/"},"modified":"2026-05-31T04:01:35","modified_gmt":"2026-05-31T04:01:35","slug":"messerattacke-im-schienenersatzverkehr-21-jaehriger-wegen-versuchten-mordes-in-wuppertal-vor-gericht","status":"publish","type":"post","link":"https:\/\/www.europesays.com\/de\/1058666\/","title":{"rendered":"Messerattacke im Schienenersatzverkehr: 21-J\u00e4hriger wegen versuchten Mordes in Wuppertal vor Gericht"},"content":{"rendered":"<p class=\"text_ohne_einzug richtext text-em-55 !leading-serif mx-6 desktop:mx-0\">Bei einem Messerangriff in einem Bus des Schienenersatzverkehrs wurden am 14. Februar zwei junge M\u00e4nner schwer verletzt. Am Mittwoch hat vor dem Landgericht Wuppertal der Prozess wegen versuchten Mordes und gef\u00e4hrlicher K\u00f6rperverletzung in zwei F\u00e4llen gegen einen 21-J\u00e4hrigen begonnen. Die Staatsanwaltschaft wirft ihm vor, auf zwei wehrlose Fahrg\u00e4ste eingestochen zu haben. Vorausgegangen war ein Streit zwischen zwei Gruppen von Karnevalisten. <\/p>\n<p class=\"richtext text-em-55 !leading-serif mx-6 desktop:mx-0\">Der Angeklagte lie\u00df zu Beginn der Verhandlung seine Verteidigerin ein Schreiben verlesen, in dem er die Taten gesteht und beteuert, dass es ihm leidtue: Die Situation sei eskaliert und er wisse, dass er daf\u00fcr geradestehen m\u00fcsse. Bei der Tat hatte der 21-J\u00e4hrige einen Blutalkoholgehalt von 1,4 Promille, zudem zuvor Kokain und Cannabis konsumiert.<\/p>\n<p class=\"richtext text-em-55 !leading-serif mx-6 desktop:mx-0\">Die Polizei war am 14. Februar gegen 23 Uhr zum Robert-Daum-Platz gerufen worden, nachdem ein Streit in dem Bus von D\u00fcsseldorf nach Hagen eskaliert war. Im Bus waren viele kost\u00fcmierte Menschen, die zuvor in K\u00f6ln Karneval gefeiert hatten. Der 21-J\u00e4hrige befand sich mit zwei Freunden und einer Freundin auf H\u00f6he des Drehgelenks, als sie mit einer anderen Gruppe junger Erwachsener aus dem hinteren Teil des Busses aneinandergerieten. \u201eEs ging 40 Minuten hin und her. Wir wurden von ihnen als \u201aschei\u00df Deutsche\u2018 beschimpft, worauf wir mit \u201aschei\u00df Ausl\u00e4nder\u2018 geantwortet haben\u201c, erz\u00e4hlte der Angeklagte.<\/p>\n<p class=\"richtext text-em-55 !leading-serif mx-6 desktop:mx-0\">Als sich die Situation immer weiter zuspitzte, kamen zwei junge M\u00e4nner aus dem vorderen Bereich des Busses zu der Gruppe, um zu versuchen, den Streit zu schlichten. Dabei schlug einer unter anderem einen Freund des Angeklagten. \u201eIch habe mir gesagt, ab dem ersten Schlag fange ich an\u201c, berichtete der Angeklagte. <\/p>\n<p class=\"richtext text-em-55 !leading-serif mx-6 desktop:mx-0\">Er habe sein Messer gez\u00fcckt, das er unter seinem Koala-Kost\u00fcm versteckt hatte, und auf \u201eden anderen, der mich schief angeguckt hat\u201c eingestochen. Zun\u00e4chst in den unteren Bauch und anschlie\u00dfend ins Gesicht. Dabei habe er, so der Vorwurf von Staatsanwalt Patrick Penders, billigend in Kauf genommen, ihm t\u00f6dliche Verletzungen zuzuf\u00fcgen. \u201eEr wird einfach abgestochen. Er bekommt gar nichts mit\u201c, betonte der Vorsitzende Richter, der Videoaufnahmen von der Tat gesehen hatte. <\/p>\n<p class=\"richtext text-em-55 !leading-serif mx-6 desktop:mx-0\">Das Opfer erlitt, wie eine Rechtsmedizinerin sp\u00e4ter best\u00e4tigte, eine Schnittverletzung in der linken Augen- beziehungsweise Wangenregion sowie durch den Stich in den rechten unteren Bauchbereich eine stark blutende Verletzung des Leberlappens, die zu einem hohen Blutverlust f\u00fchrte und umgehend notoperiert werden musste. Es bestand akute Lebensgefahr. <\/p>\n<p class=\"richtext text-em-55 !leading-serif mx-6 desktop:mx-0\">Die Situation eskalierte weiter und der 21-J\u00e4hrige schlug dem Freund des ersten Opfers mehrfach auf den Kopf und in den Nacken. \u201eBeide waren wehrlos, da man den 21-J\u00e4hrigen nicht als T\u00e4ter identifizieren konnte. Er hat heimt\u00fcckisch agiert\u201c, so Penders.<\/p>\n<p class=\"richtext text-em-55 !leading-serif mx-6 desktop:mx-0\">Das zweite Opfer erlitt laut der Rechtsmedizinerin einen zehn Zentimeter langen Schnitt bis auf den Knochen vom Haaransatz bis zur Nasenspitze, einen etwa 15 Zentimeter langen Schnitt hinterm rechten Ohr bis zur Kopfschwarte, eine rund f\u00fcnf Zentimeter lange Schnittwunde am Hinterkopf und eine circa f\u00fcnf Zentimeter gro\u00dfe offene Wunde an der Nase. Nur durch einen Tritt konnte sich das Opfer von dem \u201eKoala\u201c l\u00f6sen. Der Angeklagte erkl\u00e4rte: \u201eIch war im Tunnel. Bei mir sind alle Sicherungen durchgebrannt. Ich wei\u00df nicht, warum es so eskaliert ist.\u201c<\/p>\n<p class=\"richtext text-em-55 !leading-serif mx-6 desktop:mx-0\">Der Bus hielt an und der 21-J\u00e4hrige fl\u00fcchtete nach eigenen Angaben in Richtung Schwebebahnstation. Warf sein Kost\u00fcm dort in die Wupper und das gro\u00dfe Messer mit orangenem Griff in einen Busch. Etwas sp\u00e4ter lief er \u2013 in normaler Kleidung \u2013 zur\u00fcck zum Bus \u2013 wurde auf dem Weg dorthin von einem Polizisten erkannt und festgenommen. <\/p>\n<p class=\"richtext text-em-55 !leading-serif mx-6 desktop:mx-0\">Auf dem Weg in den Polizeigewahrsam sei er ganz ruhig und klar gewesen, berichtete ein Polizist, der am Mittwoch als Zeuge geladen war. In der Zelle sei er dann pl\u00f6tzlich ausgerastet, gegen die T\u00fcr gesprungen und habe die Beamten zum Kampf aufgefordert. \u201eAls wir darauf nicht eingingen, hat er gerufen: \u201aWenn ich mich selbst verletzte, dann m\u00fcssen Sie reinkommen.\u2018\u201c Beim Blick in die Zelle habe er dann gesehen, wie der 21-J\u00e4hrige seinen Kopf gegen die Wand schlug, woraufhin er und drei Kollegen in die Zelle gingen und den jungen Mann fixierten.<\/p>\n<p class=\"richtext text-em-55 !leading-serif mx-6 desktop:mx-0\">Es sind f\u00fcnf weitere Verhandlungstage angesetzt.<\/p>\n","protected":false},"excerpt":{"rendered":"Bei einem Messerangriff in einem Bus des Schienenersatzverkehrs wurden am 14. Februar zwei junge M\u00e4nner schwer verletzt. Am&hellip;\n","protected":false},"author":2,"featured_media":1058667,"comment_status":"","ping_status":"","sticky":false,"template":"","format":"standard","meta":{"footnotes":"","_share_on_mastodon":"0"},"categories":[1840],"tags":[19548,10415,3364,29,19846,30,65837,1209,35775,10144,2127,76748,4418,36145,102587],"class_list":["post-1058666","post","type-post","status-publish","format-standard","has-post-thumbnail","category-wuppertal","tag-angeklagte","tag-bus","tag-de","tag-deutschland","tag-eskaliert","tag-germany","tag-mordes","tag-nordrhein-westfalen","tag-schlug","tag-situation","tag-streit","tag-versuchten","tag-wuppertal","tag-zelle","tag-zentimeter"],"share_on_mastodon":{"url":"https:\/\/pubeurope.com\/@de\/116667199406798634","error":""},"_links":{"self":[{"href":"https:\/\/www.europesays.com\/de\/wp-json\/wp\/v2\/posts\/1058666","targetHints":{"allow":["GET"]}}],"collection":[{"href":"https:\/\/www.europesays.com\/de\/wp-json\/wp\/v2\/posts"}],"about":[{"href":"https:\/\/www.europesays.com\/de\/wp-json\/wp\/v2\/types\/post"}],"author":[{"embeddable":true,"href":"https:\/\/www.europesays.com\/de\/wp-json\/wp\/v2\/users\/2"}],"replies":[{"embeddable":true,"href":"https:\/\/www.europesays.com\/de\/wp-json\/wp\/v2\/comments?post=1058666"}],"version-history":[{"count":0,"href":"https:\/\/www.europesays.com\/de\/wp-json\/wp\/v2\/posts\/1058666\/revisions"}],"wp:featuredmedia":[{"embeddable":true,"href":"https:\/\/www.europesays.com\/de\/wp-json\/wp\/v2\/media\/1058667"}],"wp:attachment":[{"href":"https:\/\/www.europesays.com\/de\/wp-json\/wp\/v2\/media?parent=1058666"}],"wp:term":[{"taxonomy":"category","embeddable":true,"href":"https:\/\/www.europesays.com\/de\/wp-json\/wp\/v2\/categories?post=1058666"},{"taxonomy":"post_tag","embeddable":true,"href":"https:\/\/www.europesays.com\/de\/wp-json\/wp\/v2\/tags?post=1058666"}],"curies":[{"name":"wp","href":"https:\/\/api.w.org\/{rel}","templated":true}]}}