{"id":1058682,"date":"2026-05-31T04:10:22","date_gmt":"2026-05-31T04:10:22","guid":{"rendered":"https:\/\/www.europesays.com\/de\/1058682\/"},"modified":"2026-05-31T04:10:22","modified_gmt":"2026-05-31T04:10:22","slug":"frankreich-fordert-die-gruendung-eines-eurasischen-maritimen-sicherheitsbuendnisses","status":"publish","type":"post","link":"https:\/\/www.europesays.com\/de\/1058682\/","title":{"rendered":"Frankreich fordert die Gr\u00fcndung eines eurasischen maritimen Sicherheitsb\u00fcndnisses."},"content":{"rendered":"<p class=\"pBody\"><img loading=\"lazy\" decoding=\"async\" class=\"dthumb iCenter\" style=\"width: 1080px; height: 802px;;cursor:pointer\" src=\"https:\/\/www.europesays.com\/de\/wp-content\/uploads\/2026\/05\/1780200053862_364d0090217t11080l1-44444444444447.webp\" alt=\"Frankreich fordert die Gr\u00fcndung eines eurasischen maritimen Sicherheitsb\u00fcndnisses.\" width=\"1080\" height=\"802\"\/><\/p>\n<p class=\"pCaption\"> Frankreich fordert die Gr\u00fcndung eines eurasischen maritimen Sicherheitsb\u00fcndnisses. Foto: AFP.<\/p>\n<p class=\"pBody\"> Der Vorschlag kommt zu einem Zeitpunkt, an dem die franz\u00f6sische Verteidigungsministerin Catherine Vautrin auf eine Ausweitung der Sicherheitskooperation \u00fcber Europa hinaus dr\u00e4ngt, mit dem Ziel, einen Mechanismus zu schaffen, der L\u00e4nder mit gemeinsamen strategischen Interessen bei der Gew\u00e4hrleistung der maritimen Sicherheit verbindet.<\/p>\n<p class=\"pBody\"> Laut internationalen Quellen zielt diese Initiative darauf ab, einen Koordinierungsmechanismus zwischen europ\u00e4ischen Seestreitkr\u00e4ften und Partnern in der Indo-Pazifik-Region zu etablieren \u2013 einem Gebiet, das eine zunehmend wichtige Rolle im globalen Handel und in den globalen Lieferketten spielt.<\/p>\n<p class=\"pBody\"> Die vorgeschlagene Allianz k\u00f6nnte Aktivit\u00e4ten wie gemeinsame Patrouillen in wichtigen Schifffahrtsrouten, den Austausch von Geheimdienstinformationen und Daten zur maritimen \u00dcberwachung, den Schutz von Unterwasserinfrastruktur wie Telekommunikationskabeln und Energiepipelines sowie die Koordinierung von Reaktionen auf nicht-traditionelle Sicherheitsherausforderungen umfassen. <\/p>\n<p class=\"pBody\"><img decoding=\"async\" style=\"cursor:pointer\" src=\"https:\/\/www.europesays.com\/de\/wp-content\/uploads\/2026\/05\/1780200054263_105d0105801t96l1.webp\" alt=\"Frankreich fordert die Gr\u00fcndung eines eurasischen maritimen Sicherheitsb\u00fcndnisses.\"\/><\/p>\n<p class=\"pCaption\"> Frankreich erkl\u00e4rt, das Hauptziel der eurasischen maritimen Sicherheitsallianz sei die Gew\u00e4hrleistung von Stabilit\u00e4t und die Aufrechterhaltung der \u201eFreiheit der Schifffahrt\u201c im Einklang mit dem V\u00f6lkerrecht. (Foto: Reuters)<\/p>\n<p class=\"pBody\"> Franz\u00f6sische Regierungsvertreter betonten, dass das Hauptziel darin bestehe, angesichts zunehmender Sicherheitsrisiken f\u00fcr die globalen Schifffahrtswege Stabilit\u00e4t zu gew\u00e4hrleisten und die \u201eFreiheit der Schifffahrt\u201c im Einklang mit dem V\u00f6lkerrecht aufrechtzuerhalten. Strategisch gesehen ist dieser Schritt Teil der langfristigen Strategie von Paris, seine Rolle im Bereich der globalen Sicherheit auszubauen, insbesondere im Indopazifik, wo Frankreich bedeutende wirtschaftliche und <a class=\"data-link\" data-org-href=\"https:\/\/www.vietnam.vn\/category\/quan-su\" href=\"https:\/\/www.vietnam.vn\/category\/quan-su\" title=\"Milit\u00e4r\" target=\"_blank\" rel=\"nofollow noopener\">milit\u00e4rische<\/a> Interessen hat und durch seine \u00dcberseegebiete pr\u00e4sent ist.<\/p>\n<p class=\"pBody\"> Einige internationale Analysen legen nahe, dass die franz\u00f6sische Initiative einen Trend widerspiegelt, wonach europ\u00e4ische L\u00e4nder ihre Sicherheitspr\u00e4senz au\u00dferhalb ihrer traditionellen Regionen verst\u00e4rken, und zwar vor dem Hintergrund eines zunehmend komplexen strategischen Wettbewerbs auf internationalen Schifffahrtsrouten.<\/p>\n<p class=\"pBody\"> Frankreich hat noch keine Details zum Mechanismus, zur Organisationsstruktur oder zur Liste potenzieller Teilnehmerl\u00e4nder ver\u00f6ffentlicht. Es wird jedoch davon ausgegangen, dass dieser Vorschlag k\u00fcnftig einen neuen Rahmen f\u00fcr die maritime Sicherheitskooperation zwischen Europa und der Indopazifikregion er\u00f6ffnen k\u00f6nnte.<\/p>\n<p class=\"pAuthor\"> Thu Uyen<\/p>\n<p class=\"pSource\"> Quelle: Reuters, AFP<\/p>\n<p class=\"mb-0\"> Quelle: https:\/\/baothanhhoa.vn\/phap-keu-goi-lap-lien-minh-an-ninh-hang-hai-au-a-289455.htm<\/p>\n","protected":false},"excerpt":{"rendered":"Frankreich fordert die Gr\u00fcndung eines eurasischen maritimen Sicherheitsb\u00fcndnisses. Foto: AFP. Der Vorschlag kommt zu einem Zeitpunkt, an dem&hellip;\n","protected":false},"author":2,"featured_media":1058683,"comment_status":"","ping_status":"","sticky":false,"template":"","format":"standard","meta":{"footnotes":"","_share_on_mastodon":"0"},"categories":[3974],"tags":[331,332,548,663,3934,3980,156,19932,13,50863,984,13762,14,15,651,12,9877,3931,13240],"class_list":["post-1058682","post","type-post","status-publish","format-standard","has-post-thumbnail","category-frankreich","tag-aktuelle-nachrichten","tag-aktuelle-news","tag-eu","tag-europa","tag-europe","tag-france","tag-frankreich","tag-frei","tag-headlines","tag-indischer-ozean","tag-international","tag-liga","tag-nachrichten","tag-news","tag-pazifik","tag-schlagzeilen","tag-schuetzen","tag-sicherheit","tag-versand"],"share_on_mastodon":{"url":"https:\/\/pubeurope.com\/@de\/116667234951988454","error":""},"_links":{"self":[{"href":"https:\/\/www.europesays.com\/de\/wp-json\/wp\/v2\/posts\/1058682","targetHints":{"allow":["GET"]}}],"collection":[{"href":"https:\/\/www.europesays.com\/de\/wp-json\/wp\/v2\/posts"}],"about":[{"href":"https:\/\/www.europesays.com\/de\/wp-json\/wp\/v2\/types\/post"}],"author":[{"embeddable":true,"href":"https:\/\/www.europesays.com\/de\/wp-json\/wp\/v2\/users\/2"}],"replies":[{"embeddable":true,"href":"https:\/\/www.europesays.com\/de\/wp-json\/wp\/v2\/comments?post=1058682"}],"version-history":[{"count":0,"href":"https:\/\/www.europesays.com\/de\/wp-json\/wp\/v2\/posts\/1058682\/revisions"}],"wp:featuredmedia":[{"embeddable":true,"href":"https:\/\/www.europesays.com\/de\/wp-json\/wp\/v2\/media\/1058683"}],"wp:attachment":[{"href":"https:\/\/www.europesays.com\/de\/wp-json\/wp\/v2\/media?parent=1058682"}],"wp:term":[{"taxonomy":"category","embeddable":true,"href":"https:\/\/www.europesays.com\/de\/wp-json\/wp\/v2\/categories?post=1058682"},{"taxonomy":"post_tag","embeddable":true,"href":"https:\/\/www.europesays.com\/de\/wp-json\/wp\/v2\/tags?post=1058682"}],"curies":[{"name":"wp","href":"https:\/\/api.w.org\/{rel}","templated":true}]}}