{"id":1058733,"date":"2026-05-31T04:42:23","date_gmt":"2026-05-31T04:42:23","guid":{"rendered":"https:\/\/www.europesays.com\/de\/1058733\/"},"modified":"2026-05-31T04:42:23","modified_gmt":"2026-05-31T04:42:23","slug":"vor-dem-abflug-zur-wm-entscheidung-ueber-die-zukunft-von-deniz-undav-beim-vfb-stuttgart-soll-gefallen-sein","status":"publish","type":"post","link":"https:\/\/www.europesays.com\/de\/1058733\/","title":{"rendered":"Vor dem Abflug zur WM: Entscheidung \u00fcber die Zukunft von Deniz Undav beim VfB Stuttgart soll gefallen sein"},"content":{"rendered":"<p>Der deutsche Nationalspieler Deniz Undav steht laut \u00fcbereinstimmender Medienberichte unmittelbar vor einer Vertragsverl\u00e4ngerung beim VfB Stuttgart.<\/p>\n<p><a href=\"https:\/\/sport.sky.de\/fussball\/artikel\/entscheidung-gefallen-deniz-undav-verlaengert-vertrag-beim-vfb-stuttgart\/13549286\/34252\" target=\"_blank\" rel=\"nofollow noopener\">Sky<\/a> und <a href=\"https:\/\/www.bild.de\/sport\/fussball\/vfb-stuttgart-es-geht-um-seine-vfb-zukunft-vertrags-knaller-um-undav-6a1adc16bf5b78f90d009365\" target=\"_blank\" rel=\"nofollow noopener\">Bild<\/a> melden, dass der Torj\u00e4ger und die Schwaben sich auf eine Fortsetzung der Zusammenarbeit \u00fcber Undavs aktuelle Vertragslaufzeit verst\u00e4ndigt h\u00e4tten. Noch vor dem Abflug mit der deutschen Nationalmannschaft Richtung Weltmeisterschaft soll er seine Unterschrift unter einen neuen, bis 2029 g\u00fcltigen Kontrakt setzen.<\/p>\n<p><img loading=\"lazy\" decoding=\"async\" src=\"https:\/\/www.europesays.com\/de\/wp-content\/uploads\/2026\/05\/11600fca764b4907acec58ccdeb59443.gif\" alt=\"\" style=\"width:1;height:1\" width=\"1\" height=\"1\"\/><\/p>\n","protected":false},"excerpt":{"rendered":"Der deutsche Nationalspieler Deniz Undav steht laut \u00fcbereinstimmender Medienberichte unmittelbar vor einer Vertragsverl\u00e4ngerung beim VfB Stuttgart. Sky und&hellip;\n","protected":false},"author":2,"featured_media":1058588,"comment_status":"","ping_status":"","sticky":false,"template":"","format":"standard","meta":{"footnotes":"","_share_on_mastodon":"0"},"categories":[1830],"tags":[1634,299,159418,3364,29,347,30,4604,1441,2915],"class_list":["post-1058733","post","type-post","status-publish","format-standard","has-post-thumbnail","category-stuttgart","tag-baden-wuerttemberg","tag-bundesliga","tag-d-undav","tag-de","tag-deutschland","tag-fussball","tag-germany","tag-soccer","tag-stuttgart","tag-vfb-stuttgart"],"share_on_mastodon":{"url":"https:\/\/pubeurope.com\/@de\/116667361142213370","error":""},"_links":{"self":[{"href":"https:\/\/www.europesays.com\/de\/wp-json\/wp\/v2\/posts\/1058733","targetHints":{"allow":["GET"]}}],"collection":[{"href":"https:\/\/www.europesays.com\/de\/wp-json\/wp\/v2\/posts"}],"about":[{"href":"https:\/\/www.europesays.com\/de\/wp-json\/wp\/v2\/types\/post"}],"author":[{"embeddable":true,"href":"https:\/\/www.europesays.com\/de\/wp-json\/wp\/v2\/users\/2"}],"replies":[{"embeddable":true,"href":"https:\/\/www.europesays.com\/de\/wp-json\/wp\/v2\/comments?post=1058733"}],"version-history":[{"count":0,"href":"https:\/\/www.europesays.com\/de\/wp-json\/wp\/v2\/posts\/1058733\/revisions"}],"wp:featuredmedia":[{"embeddable":true,"href":"https:\/\/www.europesays.com\/de\/wp-json\/wp\/v2\/media\/1058588"}],"wp:attachment":[{"href":"https:\/\/www.europesays.com\/de\/wp-json\/wp\/v2\/media?parent=1058733"}],"wp:term":[{"taxonomy":"category","embeddable":true,"href":"https:\/\/www.europesays.com\/de\/wp-json\/wp\/v2\/categories?post=1058733"},{"taxonomy":"post_tag","embeddable":true,"href":"https:\/\/www.europesays.com\/de\/wp-json\/wp\/v2\/tags?post=1058733"}],"curies":[{"name":"wp","href":"https:\/\/api.w.org\/{rel}","templated":true}]}}