{"id":1058857,"date":"2026-05-31T06:12:23","date_gmt":"2026-05-31T06:12:23","guid":{"rendered":"https:\/\/www.europesays.com\/de\/1058857\/"},"modified":"2026-05-31T06:12:23","modified_gmt":"2026-05-31T06:12:23","slug":"rb-leipzig-will-ihn-erste-entscheidung-bei-brajan-gruda-gefallen-sport","status":"publish","type":"post","link":"https:\/\/www.europesays.com\/de\/1058857\/","title":{"rendered":"RB Leipzig will ihn: Erste Entscheidung bei Brajan Gruda gefallen | Sport"},"content":{"rendered":"<p><a class=\"skip-content skip-content--link\" href=\"#in-content-skip-link-target-v-0-0\">TTS-Player \u00fcberspringen\u21b5<\/a><a id=\"in-content-skip-link-target-v-0-0\" class=\"skip-content--target-link-hidden skip-content skip-content--target-link\" href=\"#in-content-skip-link-target-v-0-0\">Artikel weiterlesen<\/a><\/p>\n<p data-21134c99=\"0-2310\"><b>Nach dem 1:3 gegen den afrikanischen Champions-League-Sieger Mamelodi Sundowns am Freitagabend hatte Brajan Gruda nur ein s\u00fcffisantes L\u00e4cheln \u00fcbrig. So richtig hatte auch der Offensivspieler nicht verstanden, was da beim Test in Pretoria passiert ist. Was aber jeder auf der PR-Tour sah: Der Nationalspieler, der den Sprung zur WM verpasst hatte, ist bei <\/b><a href=\"https:\/\/www.bild.de\/sport\/fussball\/rb-leipzig\/startseite-leipzig-31148870.bild.html\" class=\"text-link\" rel=\"nofollow noopener\" target=\"_blank\"><b>RB Leipzig<\/b><\/a><b> mehr als angekommen. Er ist sportlich und menschlich mittendrin \u2013 und das soll auch so bleiben. <\/b><\/p>\n<p>Mehr zum ThemaGruda will nur nach Leipzig<\/p>\n<p data-21134c99=\"0-2310\">Gruda kam im Winter per Leihe von Brighton and Hove. Der Vertrag l\u00e4uft nun aus, es gibt keine Kaufoption. Der Poker um ihn ist l\u00e4ngst gestartet. Und nun gibt es eine erste Entscheidung. Nach Zukunftsgespr\u00e4chen in S\u00fcdafrika sagt RB-Manager Marcel Sch\u00e4fer zu BILD: \u201eWir haben klare Signale von Brajan bekommen, dass er bei uns bleiben m\u00f6chte.\u201c Gruda will nur zu RB!<\/p>\n<p data-21134c99=\"0-2310\">Damit w\u00e4re der zweite wichtige Schritt f\u00fcr eine l\u00e4ngere Zusammenarbeit getan. \u201eWir wollen sowieso, sch\u00e4tzen ihn sehr\u201c, sagt Sch\u00e4fer und betont damit noch einmal, dass Leipzig nach einer L\u00f6sung sucht. <\/p>\n<p>Nach fast zwei Jahren: Musiala-Vorfreude auf DIESEN DFB-Star<a class=\"anchor video-teaser__anchor\" href=\"https:\/\/www.bild.de\/sport\/fussball\/nach-fast-zwei-jahren-musiala-vorfreude-auf-diesen-dfb-star-6a1ae780d70f69bc713db440\" rel=\"nofollow noopener\" target=\"_blank\"><img decoding=\"async\" width=\"992\" height=\"558\" alt=\"\" src=\"https:\/\/www.europesays.com\/de\/wp-content\/uploads\/2026\/05\/8e238e4d7b8e749cb526d280a7b1c5fe,5657950.jpeg\"   class=\"landscape teaser__image\" loading=\"lazy\"\/><\/a><\/p>\n<p>Quelle: BILD30.05.2026<\/p>\n<p>RB wartet auf Signal von Brighton<\/p>\n<p data-21134c99=\"0-2310\">Nun sind die Engl\u00e4nder am Zug, die am letzten Spieltag in die Conference League eingezogen sind. Sch\u00e4fer: \u201eJetzt warten wir auf ein Signal von Brighton &amp; Hove.\u201c <\/p>\n<p data-21134c99=\"0-2310\">Aus England hei\u00dft es, dass der Erfolg von Brighton eher gut f\u00fcr RB ist. Denn damit sinkt der finanzielle Druck und das Team des deutschen Trainers Fabian H\u00fcrzeler denkt eher an externe Verst\u00e4rkungen. Daf\u00fcr muss Platz im Kader geschaffen werden.<\/p>\n<p>Mehr zum ThemaLeihe bleibt Top-Option<\/p>\n<p data-21134c99=\"0-2310\">Ein Selbstl\u00e4ufer wird der Deal deshalb aber noch lange nicht. \u201eKlar ist auch, dass wir klare wirtschaftliche Grenzen haben\u201c, sagt Sch\u00e4fer. Ein Kauf mit einer Abl\u00f6se von deutlich \u00fcber 20 Millionen Euro ist f\u00fcr Leipzig in diesem Sommer nicht m\u00f6glich. <\/p>\n<p data-21134c99=\"0-2310\">Eine Leihe w\u00e4re die wahrscheinlichste Option. Aber auch eine Kaufpflicht im n\u00e4chsten Gesch\u00e4ftsjahr, wenn die Einnahmen aus der Champions League zu Buche schlagen und die Sachsen finanziell wieder flexibler macht, ist eine Variante. <\/p>\n<p>\u201eDarf die Diskussion nicht geben\u201c: Kimmich-Klartext in Neuer-Debatte<a class=\"anchor video-teaser__anchor\" href=\"https:\/\/www.bild.de\/sport\/fussball\/darf-die-diskussion-nicht-geben-kimmich-klartext-in-neuer-debatte-6a1986f7411d40cd4c74bbc7\" rel=\"nofollow noopener\" target=\"_blank\"><img decoding=\"async\" width=\"992\" height=\"558\" alt=\"\" src=\"https:\/\/www.europesays.com\/de\/wp-content\/uploads\/2026\/05\/b200bdf62d31411f1a06367413aaab0e,9db0019a.jpeg\"   class=\"landscape teaser__image\" loading=\"lazy\"\/><\/a><\/p>\n<p>Quelle: DFB \/ BILD29.05.2026<\/p>\n<p>Erst in die Heimat, dann in den Urlaub<\/p>\n<p data-21134c99=\"0-2310\">Nach dem R\u00fcckflug aus Johannesburg verabschiedete sich der geb\u00fcrtige Rheinland-Pf\u00e4lzer bei der Zwischenlandung in Frankfurt von seinen Teamkollegen. Morgen geht aus der Heimat in den Urlaub. Und danach vielleicht wieder nach Leipzig.<\/p>\n","protected":false},"excerpt":{"rendered":"TTS-Player \u00fcberspringen\u21b5Artikel weiterlesen Nach dem 1:3 gegen den afrikanischen Champions-League-Sieger Mamelodi Sundowns am Freitagabend hatte Brajan Gruda nur&hellip;\n","protected":false},"author":2,"featured_media":1058858,"comment_status":"","ping_status":"","sticky":false,"template":"","format":"standard","meta":{"footnotes":"","_share_on_mastodon":"0"},"categories":[1832],"tags":[14007,3364,29,538,30,61496,71,1655,859,10779,803,3460],"class_list":["post-1058857","post","type-post","status-publish","format-standard","has-post-thumbnail","category-leipzig","tag-brighton-hove-albion-f-c","tag-de","tag-deutschland","tag-erste-bundesliga","tag-germany","tag-gruda-brajan","tag-leipzig","tag-rb-leipzig","tag-sachsen","tag-schaefer-marcel","tag-spielertransfer","tag-sport-leuchtturm-leipzig"],"share_on_mastodon":{"url":"https:\/\/pubeurope.com\/@de\/116667714564880884","error":""},"_links":{"self":[{"href":"https:\/\/www.europesays.com\/de\/wp-json\/wp\/v2\/posts\/1058857","targetHints":{"allow":["GET"]}}],"collection":[{"href":"https:\/\/www.europesays.com\/de\/wp-json\/wp\/v2\/posts"}],"about":[{"href":"https:\/\/www.europesays.com\/de\/wp-json\/wp\/v2\/types\/post"}],"author":[{"embeddable":true,"href":"https:\/\/www.europesays.com\/de\/wp-json\/wp\/v2\/users\/2"}],"replies":[{"embeddable":true,"href":"https:\/\/www.europesays.com\/de\/wp-json\/wp\/v2\/comments?post=1058857"}],"version-history":[{"count":0,"href":"https:\/\/www.europesays.com\/de\/wp-json\/wp\/v2\/posts\/1058857\/revisions"}],"wp:featuredmedia":[{"embeddable":true,"href":"https:\/\/www.europesays.com\/de\/wp-json\/wp\/v2\/media\/1058858"}],"wp:attachment":[{"href":"https:\/\/www.europesays.com\/de\/wp-json\/wp\/v2\/media?parent=1058857"}],"wp:term":[{"taxonomy":"category","embeddable":true,"href":"https:\/\/www.europesays.com\/de\/wp-json\/wp\/v2\/categories?post=1058857"},{"taxonomy":"post_tag","embeddable":true,"href":"https:\/\/www.europesays.com\/de\/wp-json\/wp\/v2\/tags?post=1058857"}],"curies":[{"name":"wp","href":"https:\/\/api.w.org\/{rel}","templated":true}]}}