{"id":105888,"date":"2025-05-12T23:17:13","date_gmt":"2025-05-12T23:17:13","guid":{"rendered":"https:\/\/www.europesays.com\/de\/105888\/"},"modified":"2025-05-12T23:17:13","modified_gmt":"2025-05-12T23:17:13","slug":"wasserstoff-wohnungslosen-cafe-feministische-kunst-hier-und-jetzt-studio-eins-e-v","status":"publish","type":"post","link":"https:\/\/www.europesays.com\/de\/105888\/","title":{"rendered":"Wasserstoff, Wohnungslosen-Caf\u00e9, feministische Kunst | Hier und Jetzt | Studio Eins e. V."},"content":{"rendered":"<p class=\"card__subtitle\"> Lokalmagazin von Studio Eins e. V. aus K\u00f6nigswinter <\/p>\n<p><a href=\"https:\/\/www.nrwision.de\/mediathek\/themen\/deutschland\" rel=\"nofollow noopener\" target=\"_blank\">Deutschland<\/a> soll Wasserstoff-Vorreiter werden &#8211; so lauteten zumindest die Pl\u00e4ne des schwarz-roten Bundeskabinetts 2020. Angelehnt waren sie an den &#8222;Green Deal&#8220; der EU. Wie es inzwischen um Wasserstoff als gr\u00fcnen Energietr\u00e4ger steht, damit hat sich eine Studie von April 2025 besch\u00e4ftigt. Au\u00dferdem Thema: Das Caf\u00e9 in der M\u00e4nner-Wohnungslosenhilfe &#8222;Johanneshaus K\u00f6ln&#8220; ist geschlossen und das hinterl\u00e4sst Spuren. Sozialp\u00e4dagoge und Mitarbeiter Thore Klahr gibt einen Einblick, wie sich das Leben in der Wohnungslosenhilfe seit der Schlie\u00dfung ver\u00e4ndert hat. Und: &#8222;Hier und Jetzt&#8220; gibt einen Einblick in die Kunstausstellung &#8222;EIGENMACHT statt eingemacht&#8220; von Petra Genster im Frauenmuseum Bonn. Im Studio waren: Katharina Novotny, Sonia Kupferschmid, Ruth Rey und Anne-Marie Dammer.<\/p>\n","protected":false},"excerpt":{"rendered":"Lokalmagazin von Studio Eins e. V. aus K\u00f6nigswinter Deutschland soll Wasserstoff-Vorreiter werden &#8211; so lauteten zumindest die Pl\u00e4ne&hellip;\n","protected":false},"author":2,"featured_media":105889,"comment_status":"","ping_status":"","sticky":false,"template":"","format":"standard","meta":{"footnotes":""},"categories":[1842],"tags":[703,1741,3364,29,1149,548,3236,30,2075,2264,4507,1209,265,437,5702,32165],"class_list":{"0":"post-105888","1":"post","2":"type-post","3":"status-publish","4":"format-standard","5":"has-post-thumbnail","7":"category-bonn","8":"tag-bewegung","9":"tag-bonn","10":"tag-de","11":"tag-deutschland","12":"tag-energie","13":"tag-eu","14":"tag-frauen","15":"tag-germany","16":"tag-kunst","17":"tag-museum","18":"tag-nachhaltigkeit","19":"tag-nordrhein-westfalen","20":"tag-sport","21":"tag-sucht","22":"tag-wasserstoff","23":"tag-wohnungslosigkeit"},"share_on_mastodon":{"url":"https:\/\/pubeurope.com\/@de\/114497417723110965","error":""},"_links":{"self":[{"href":"https:\/\/www.europesays.com\/de\/wp-json\/wp\/v2\/posts\/105888","targetHints":{"allow":["GET"]}}],"collection":[{"href":"https:\/\/www.europesays.com\/de\/wp-json\/wp\/v2\/posts"}],"about":[{"href":"https:\/\/www.europesays.com\/de\/wp-json\/wp\/v2\/types\/post"}],"author":[{"embeddable":true,"href":"https:\/\/www.europesays.com\/de\/wp-json\/wp\/v2\/users\/2"}],"replies":[{"embeddable":true,"href":"https:\/\/www.europesays.com\/de\/wp-json\/wp\/v2\/comments?post=105888"}],"version-history":[{"count":0,"href":"https:\/\/www.europesays.com\/de\/wp-json\/wp\/v2\/posts\/105888\/revisions"}],"wp:featuredmedia":[{"embeddable":true,"href":"https:\/\/www.europesays.com\/de\/wp-json\/wp\/v2\/media\/105889"}],"wp:attachment":[{"href":"https:\/\/www.europesays.com\/de\/wp-json\/wp\/v2\/media?parent=105888"}],"wp:term":[{"taxonomy":"category","embeddable":true,"href":"https:\/\/www.europesays.com\/de\/wp-json\/wp\/v2\/categories?post=105888"},{"taxonomy":"post_tag","embeddable":true,"href":"https:\/\/www.europesays.com\/de\/wp-json\/wp\/v2\/tags?post=105888"}],"curies":[{"name":"wp","href":"https:\/\/api.w.org\/{rel}","templated":true}]}}