{"id":1058979,"date":"2026-05-31T07:34:22","date_gmt":"2026-05-31T07:34:22","guid":{"rendered":"https:\/\/www.europesays.com\/de\/1058979\/"},"modified":"2026-05-31T07:34:22","modified_gmt":"2026-05-31T07:34:22","slug":"buchvorstellung-und-gallery-talk-mit-andrei-liankevich","status":"publish","type":"post","link":"https:\/\/www.europesays.com\/de\/1058979\/","title":{"rendered":"Buchvorstellung und Gallery-Talk mit Andrei Liankevich"},"content":{"rendered":"<p>Die Galerie nEUROPA l\u00e4dt am Montag, 1. Juni, um 19 Uhr zu einem Gallery-Talk mit dem belarusischen Fotografen Andrei Liankevich ein.<br \/>\n<img fetchpriority=\"high\" decoding=\"async\" class=\"size-full wp-image-238412\" src=\"https:\/\/www.europesays.com\/de\/wp-content\/uploads\/2026\/05\/2026-05-29-Andrei-Liankevich.jpg\" alt=\"August 2025: Andrei Liankevich bei Vernissage zu seiner Ausstellung \u201eTraditionelle Belarusische Interieurs \/ Paganismus\u201c in der Galerie nEUROPA \u2013 Foto: Kultur Aktiv e.V.\" width=\"2400\" height=\"1349\"  \/>August 2025: Andrei Liankevich bei der Vernissage zu seiner Ausstellung \u201eTraditionelle Belarusische Interieurs \/ Paganismus\u201c in der Galerie nEUROPA \u2013 Foto: Kultur Aktiv e.V.\n<\/p>\n<p>Anlass ist die Vorstellung seines druckfrischen Buches \u201eTraditional Interior. People.\u201c, indem er das Verschwinden der traditionellen Lebensweise auf dem Land in Belarus dokumentiert.\n<\/p>\n<p>Das Projekt<\/p>\n<p>Nach seiner <a href=\"https:\/\/www.neustadt-ticker.de\/229497\/aktuell\/termine\/zwei-ausstellungen-der-galerie-neuropa\" rel=\"nofollow noopener\" target=\"_blank\">Ausstellung \u00fcber traditionelles belarusisches Interieur<\/a> im vergangenen Jahr ist Liankevich erneut in der auf Osteuropa spezialisierten Galerie nEUROPA zu Gast. F\u00fcr die Buchvorstellung reist der Minsker Fotograf extra aus Belarus an. Im Gespr\u00e4ch wird er auch Einblicke in die aktuellen Arbeits- und Lebensbedingungen in seinem Heimatland geben.\n<\/p>\n<p>Liankevichs Projekt ist eine fotografische und pers\u00f6nliche Ann\u00e4herung an eine Welt im Wandel. In seinen Bildern und Texten beschreibt er den tiefgreifenden gesellschaftlichen Umbruch in Belarus.<\/p>\n<p>F\u00fcr den Fotografen ist dieses Thema eng mit seiner eigenen Biografie verbunden. Die Kindheitserinnerungen an die D\u00f6rfer seiner Familie, Fotos an den W\u00e4nden und das Leben mit den Gro\u00dfeltern pr\u00e4gen seine Arbeit bis heute. In \u201eTraditional Interior. People.\u201c geht es daher nicht nur um Dokumentation, sondern auch um Erinnerung und kulturelle Identit\u00e4t.\n<\/p>\n<p>Andrei Liankevich<\/p>\n<p><a target=\"_blank\" href=\"https:\/\/liankevich.link\/\" rel=\"nofollow noopener\">Andrei Liankevich<\/a> wurde 1981 im belarusischen Grodno geboren und lebt heute in Minsk. Er hat unter anderem mit der European Press Photo Agency (EPA) und der Anzenberger Agency zusammengearbeitet. 2008 schloss er sich SPUTNIK, einem Kollektiv junger Fotografen, an. Seine Arbeiten wurden in zahlreichen internationalen Medien ver\u00f6ffentlicht, darunter The New York Times, Newsweek, Die Zeit, Der Spiegel, GEO.\n<\/p>\n<p>Mehr als 60 Ausstellungen in Europa, Asien und den USA zeigten seine Werke. 2010 ver\u00f6ffentlichte er sein erstes Buch \u00fcber belarusische heidnische Traditionen. Andrei wurde zu den 15 einflussreichsten belarusischen K\u00fcnstlern von 2000 bis 2010 gez\u00e4hlt. Er organisierte eine World-Press-Photo-Ausstellung und initiierte den Monat der Fotografie in Minsk.<br \/>\n<img loading=\"lazy\" decoding=\"async\" class=\"wp-image-238414 size-full\" src=\"https:\/\/www.europesays.com\/de\/wp-content\/uploads\/2026\/05\/Book-Traditional-Interior.-People_018-1080x1080-1-e1780054613559.jpg\" alt=\"Book - Traditional Interior. People_018 - Foto: Kultur Aktiv e.V.\" width=\"2400\" height=\"1072\"  \/>Book \u2013 Traditional Interior. People_018 \u2013 Foto: Kultur Aktiv e.V.\n<\/p>\n<p>Spenden sind willkommen.<\/p>\n<p>Die Galerie wird vom Verein Kultur Aktiv e.V. getragen. Seit 2017 zeigt sie zeitgen\u00f6ssische Fotografie aus Mittel-, Ost- und S\u00fcdosteuropa.\n<\/p>\n<p>Infos zur Vorstellung mit Gespr\u00e4ch<\/p>\n<ul>\n<li class=\"western\">Montag, 1. Juni 2026, 19 Uhr<\/li>\n<li>Galerie nEUROPA, Bautzner Stra\u00dfe 49, 01099 Dresden<\/li>\n<li>Weitere Infos: <a href=\"https:\/\/kulturaktiv.org\/\" target=\"_blank\" rel=\"noopener nofollow\">kulturaktiv.org<\/a><\/li>\n<\/ul>\n","protected":false},"excerpt":{"rendered":"Die Galerie nEUROPA l\u00e4dt am Montag, 1. Juni, um 19 Uhr zu einem Gallery-Talk mit dem belarusischen Fotografen&hellip;\n","protected":false},"author":2,"featured_media":1058980,"comment_status":"","ping_status":"","sticky":false,"template":"","format":"standard","meta":{"footnotes":"","_share_on_mastodon":"0"},"categories":[1835],"tags":[110899,1797,3364,29,2386,10791,2448,30,2699,225962,859],"class_list":["post-1058979","post","type-post","status-publish","format-standard","has-post-thumbnail","category-dresden","tag-andrei","tag-buch","tag-de","tag-deutschland","tag-dresden","tag-fotograf","tag-galerie","tag-germany","tag-gespraech","tag-liankevich","tag-sachsen"],"share_on_mastodon":{"url":"https:\/\/pubeurope.com\/@de\/116668037116743680","error":""},"_links":{"self":[{"href":"https:\/\/www.europesays.com\/de\/wp-json\/wp\/v2\/posts\/1058979","targetHints":{"allow":["GET"]}}],"collection":[{"href":"https:\/\/www.europesays.com\/de\/wp-json\/wp\/v2\/posts"}],"about":[{"href":"https:\/\/www.europesays.com\/de\/wp-json\/wp\/v2\/types\/post"}],"author":[{"embeddable":true,"href":"https:\/\/www.europesays.com\/de\/wp-json\/wp\/v2\/users\/2"}],"replies":[{"embeddable":true,"href":"https:\/\/www.europesays.com\/de\/wp-json\/wp\/v2\/comments?post=1058979"}],"version-history":[{"count":0,"href":"https:\/\/www.europesays.com\/de\/wp-json\/wp\/v2\/posts\/1058979\/revisions"}],"wp:featuredmedia":[{"embeddable":true,"href":"https:\/\/www.europesays.com\/de\/wp-json\/wp\/v2\/media\/1058980"}],"wp:attachment":[{"href":"https:\/\/www.europesays.com\/de\/wp-json\/wp\/v2\/media?parent=1058979"}],"wp:term":[{"taxonomy":"category","embeddable":true,"href":"https:\/\/www.europesays.com\/de\/wp-json\/wp\/v2\/categories?post=1058979"},{"taxonomy":"post_tag","embeddable":true,"href":"https:\/\/www.europesays.com\/de\/wp-json\/wp\/v2\/tags?post=1058979"}],"curies":[{"name":"wp","href":"https:\/\/api.w.org\/{rel}","templated":true}]}}