{"id":1059059,"date":"2026-05-31T08:25:38","date_gmt":"2026-05-31T08:25:38","guid":{"rendered":"https:\/\/www.europesays.com\/de\/1059059\/"},"modified":"2026-05-31T08:25:38","modified_gmt":"2026-05-31T08:25:38","slug":"3-liga-gluecksgriff-gindorf-mit-alemannia-aus-dem-tabellenkeller","status":"publish","type":"post","link":"https:\/\/www.europesays.com\/de\/1059059\/","title":{"rendered":"3. Liga: Gl\u00fccksgriff Gindorf &#8211; mit Alemannia aus dem Tabellenkeller"},"content":{"rendered":"<p>            <img loading=\"lazy\" decoding=\"async\" class=\"ts-image\" src=\"https:\/\/www.europesays.com\/de\/wp-content\/uploads\/2026\/05\/wdr-aachens-lars-gindorf-jubelt-in-der-partie-gegen-rot-weiss-essen-100.jpg\" alt=\"Aachens Lars Gindorf jubelt in der Partie gegen Rot-Wei\u00df-Essen.\" title=\"Aachens Lars Gindorf jubelt in der Partie gegen Rot-Wei\u00df-Essen. | IMAGO\/Beautiful Sports International\"\/><\/p>\n<p class=\"metatextline\">Stand: 19.02.2026 \u2022 13:34 Uhr<\/p>\n<p class=\"article-head__shorttext\">\n        <strong><strong>Zuletzt lief es in der 3. Liga wieder etwas besser f\u00fcr Alemannia Aachen. Einen gro\u00dfen Anteil daran hat Torj\u00e4ger Lars Gindorf, der mit seinen Toren die Schwarz-Gelben aus dem Tabellenkeller schoss.<\/strong><\/strong>\n    <\/p>\n<p class=\"textabsatz m-ten m-offset-one l-eight l-offset-two columns twelve\">Sp\u00e4testens seit dem 3:1-Ausw\u00e4rtssieg am vergangenen Wochenende beim SSV Ulm konnte die Alemannia aus Aachen etwas aufatmen. Mit dem Sieg am 24. Spieltag vergr\u00f6\u00dferten die Aachener den Abstand auf Abstiegsplatz 17 auf f\u00fcnf Punkte. Es war das vierte Spiel hintereinander ohne Niederlage.<\/p>\n<p>    Gindorf f\u00fchrt Torj\u00e4gerliste an<\/p>\n<p class=\"textabsatz m-ten m-offset-one l-eight l-offset-two columns twelve\">An diesem Zwischenhoch nicht unwesentlich beteiligt ist Lars Gindorf, der mit seinen Toren so etwas wie die Lebensversicherung der Alemannia ist. Auf 16 Treffer ist sein Konto in dieser Saison schon angewachsen &#8211; soviele hat kein anderer Spieler in der <a href=\"https:\/\/www1.wdr.de\/sport\/fussball\/uebersicht-dritte-liga-100.html\" title=\"3. Liga\" class=\"textlink--extern\" target=\"_blank\" rel=\"noopener nofollow\">3. Liga<\/a> geschossen.<\/p>\n<ul class=\"buttongroup buttongroup--copytext\">\n<li class=\"buttongroup__item\">\n<p>    <a class=\"btn btn--text btn--standard-secondary btn--fullwidth\" href=\"https:\/\/www.sportschau.de\/live-und-ergebnisse\/fussball\/deutschland-3-liga\/se94836\/2025-2026\/ro262749\/spieltag\/md25\/spiele-und-ergebnisse\" rel=\"nofollow noopener\" target=\"_blank\"><br \/>\n        25. Spieltag<\/p>\n<p>  Pfeil rechts<\/p>\n<p>    <\/a>\n<\/li>\n<li class=\"buttongroup__item\">\n<p>    <a class=\"btn btn--text btn--standard-secondary btn--fullwidth\" href=\"https:\/\/www.sportschau.de\/live-und-ergebnisse\/fussball\/deutschland-3-liga\/ma11234669\/alemannia-aachen_sc-verl\/liveticker\" rel=\"nofollow noopener\" target=\"_blank\"><br \/>\n        Alemannia Aachen &#8211; SC Verl, Sa. ab 14 Uhr<\/p>\n<p>  Pfeil rechts<\/p>\n<p>    <\/a>\n<\/li>\n<\/ul>\n<p class=\"textabsatz m-ten m-offset-one l-eight l-offset-two columns twelve\">Auch in der Scorerwertung liegt er mit 25 Punkten vorne vor Berkan Taz (SC Verl) und Tolgay Cigerci (Energie Cottbus), jeweils 24 Punkte. Diese Zahlen sind umso bemerkenswerter, da Gindorf nicht als zentraler St\u00fcrmer aufl\u00e4uft, sondern im offensiven Mittelfeld auf Torejagd geht.<\/p>\n<ul class=\"buttongroup buttongroup--copytext\">\n<li class=\"buttongroup__item\">\n<p>    <a class=\"btn btn--text btn--standard-secondary btn--fullwidth\" href=\"https:\/\/www1.wdr.de\/sport\/fussball\/dritte-liga\/ssv-ulm-alemannia-aachen-spielbericht-100.html\" rel=\"nofollow noopener\" target=\"_blank\"><br \/>\n        Sieg im Kellerduell in Ulm &#8211; Aachen verschafft sich Luft<\/p>\n<p>  Pfeil rechts<\/p>\n<p>    <\/a>\n<\/li>\n<\/ul>\n<p>    Schroers als kongenialer Partner<\/p>\n<p class=\"textabsatz--contains-image  m-six l-five textabsatz columns twelve\">Dabei profitiert er vor allem auch vom guten Zusammenspiel mit einem weiteren Leihspieler, der im Sommer in die Kaiserstadt kam: Mika Schroers, ausgeliehen von Arminia Bielefeld.<\/p>\n<p class=\"absatzbild__info__text\">\n                        Lars Gindorf (l.) jubelt mit Mika Schroers.\n                    <\/p>\n<p class=\"textabsatz m-ten m-offset-one l-eight l-offset-two columns twelve\">So harmonierten die beiden zuletzt in Ulm sehr gut zusammen. Gindorf erzielte mit einem traumhaften Weitschuss in den Winkel die 1:0-F\u00fchrung f\u00fcr die Alemannia, kurz darauf legte Schroers nach Pass von Gindorf das 2:0 f\u00fcr Mehdi Loune auf. Zusammen haben die beiden Offensiv-Akteure 26 der 39 Aachener Tore erzielt.<\/p>\n<p>    Viele Vereine in Gindorfs Vita<\/p>\n<p class=\"textabsatz m-ten m-offset-one l-eight l-offset-two columns twelve\">Trotz seiner erst 24 Jahre hat Gindorf bereits eine bewegte Spielerkarriere hinter sich. Schon im Jugendbereich klapperte der geb\u00fcrtige Wadgassener (Saarland) mehrere Vereine ab: 1. FC Saarbr\u00fccken, FC Ingolstadt, SV Elversberg und SC Freiburg, wo er vor f\u00fcnf Jahren auch sein Deb\u00fct im Profibereich gab. \u00dcber den FC Memmingen landete Lars Gindorf bei Hannover 96, schaffte dort aber nicht den ganz gro\u00dfen Durchbruch.<\/p>\n<p class=\"textabsatz m-ten m-offset-one l-eight l-offset-two columns twelve\">Ende August vergangenen Jahres folgte der Wechsel auf Leihbasis zu Alemannia Aachen &#8211; eine gute Entscheidung. Denn f\u00fcr die Alemannia erwies sich Gindorf als Gl\u00fccksgriff.<\/p>\n<p>    Zukunft bei Alemannia Aachen?<\/p>\n<p class=\"textabsatz m-ten m-offset-one l-eight l-offset-two columns twelve\">Fraglich ist nun, ob die Alemannia ihren Top-Mann halten kann. Eine Kaufoption f\u00fcr Gindorf besitzen die Aachener nicht. Demnach m\u00fcsste er im Sommer wieder zur\u00fcck nach Hannover. Bei Schroers sieht das anders aus, f\u00fcr ihn besitzt der Klub ein Kaufrecht.<\/p>\n<p class=\"textabsatz m-ten m-offset-one l-eight l-offset-two columns twelve\">Der Sommer und die Wechselperiode sind aber f\u00fcr beide erst einmal weit weg. Jetzt gilt die Konzentration dem letzten Saisondrittel mit Alemannia Aachen. Und da haben die Mannschaft und ihre Top-Scorer noch viel vor. Zu sp\u00fcren bekommen soll das als n\u00e4chstes der Tabellenzweite SC Verl, der am Samstag (14.30 Uhr) am Tivoli gastiert.<\/p>\n<p>    Unsere Quellen:<\/p>\n<ul class=\"bulletpoint-list \">\n<li>t-online.de<\/li>\n<li>kicker.de<\/li>\n<li>sportschau.de<\/li>\n<\/ul>\n<p class=\"textabsatz m-ten m-offset-one l-eight l-offset-two columns twelve\"><strong>Sendung:<\/strong> WDR.de, &#8222;Lars Gindorf &#8211; Aachens Lebensversicherung im Abstiegskampf&#8220;, 19.02.2026, 11:40 Uhr<\/p>\n<p>                                        <a class=\"backlink__link\" href=\"https:\/\/www1.wdr.de\/sport\/fussball\/dritte-liga\/alemannia-aachen-lars-gindorf-100.html\" rel=\"nofollow noopener\" target=\"_blank\"><\/p>\n<p>                                                <img decoding=\"async\" src=\"https:\/\/images.sportschau.de\/image\/9ef70e2e-6dd6-4b18-afd2-7063c40e8939\/AAABlap_yqU\/AAABnR8VW9w\/original\/lra-wdr-logo-100.svg\" alt=\"Westdeutscher Rundfunk\"\/><\/p>\n<p>                                        <\/a><\/p>\n","protected":false},"excerpt":{"rendered":"Stand: 19.02.2026 \u2022 13:34 Uhr Zuletzt lief es in der 3. Liga wieder etwas besser f\u00fcr Alemannia Aachen.&hellip;\n","protected":false},"author":2,"featured_media":1059060,"comment_status":"","ping_status":"","sticky":false,"template":"","format":"standard","meta":{"footnotes":"","_share_on_mastodon":"0"},"categories":[1853],"tags":[995,1424,999,3364,29,548,663,3934,347,30,13,14,15,1209,12,12758,225],"class_list":["post-1059059","post","type-post","status-publish","format-standard","has-post-thumbnail","category-aachen","tag-3-liga","tag-aachen","tag-alemannia-aachen","tag-de","tag-deutschland","tag-eu","tag-europa","tag-europe","tag-fussball","tag-germany","tag-headlines","tag-nachrichten","tag-news","tag-nordrhein-westfalen","tag-schlagzeilen","tag-ssv-ulm","tag-wdr"],"share_on_mastodon":{"url":"https:\/\/pubeurope.com\/@de\/116668239103357881","error":""},"_links":{"self":[{"href":"https:\/\/www.europesays.com\/de\/wp-json\/wp\/v2\/posts\/1059059","targetHints":{"allow":["GET"]}}],"collection":[{"href":"https:\/\/www.europesays.com\/de\/wp-json\/wp\/v2\/posts"}],"about":[{"href":"https:\/\/www.europesays.com\/de\/wp-json\/wp\/v2\/types\/post"}],"author":[{"embeddable":true,"href":"https:\/\/www.europesays.com\/de\/wp-json\/wp\/v2\/users\/2"}],"replies":[{"embeddable":true,"href":"https:\/\/www.europesays.com\/de\/wp-json\/wp\/v2\/comments?post=1059059"}],"version-history":[{"count":0,"href":"https:\/\/www.europesays.com\/de\/wp-json\/wp\/v2\/posts\/1059059\/revisions"}],"wp:featuredmedia":[{"embeddable":true,"href":"https:\/\/www.europesays.com\/de\/wp-json\/wp\/v2\/media\/1059060"}],"wp:attachment":[{"href":"https:\/\/www.europesays.com\/de\/wp-json\/wp\/v2\/media?parent=1059059"}],"wp:term":[{"taxonomy":"category","embeddable":true,"href":"https:\/\/www.europesays.com\/de\/wp-json\/wp\/v2\/categories?post=1059059"},{"taxonomy":"post_tag","embeddable":true,"href":"https:\/\/www.europesays.com\/de\/wp-json\/wp\/v2\/tags?post=1059059"}],"curies":[{"name":"wp","href":"https:\/\/api.w.org\/{rel}","templated":true}]}}