{"id":1059170,"date":"2026-05-31T09:36:20","date_gmt":"2026-05-31T09:36:20","guid":{"rendered":"https:\/\/www.europesays.com\/de\/1059170\/"},"modified":"2026-05-31T09:36:20","modified_gmt":"2026-05-31T09:36:20","slug":"viraler-trend-hunderte-sammeln-mit-dem-spazierclub-schritte","status":"publish","type":"post","link":"https:\/\/www.europesays.com\/de\/1059170\/","title":{"rendered":"Viraler Trend: Hunderte sammeln mit dem Spazierclub Schritte"},"content":{"rendered":"<p class=\"mb-6 text-xs md:text-m lg:text-l font-serif group-[.font-sans]:font-sans \">\n    Die Sonne brennt kurz nach Mittag warm auf den Gehweg, und vor dem Sp\u00e4ti im S\u00fcden Berlins schiebt sich eine kleine Menge zusammen wie vor einem Konzert \u2013 nur ohne Gedr\u00e4nge. Die Leute kennen sich nicht, oder nur ein kleiner Teil. Doch sie haben etwas zusammen vor. Sie wollen <a href=\"https:\/\/www.augsburger-allgemeine.de\/donauwoerth\/maerchenweg-in-harburg-diese-attraktion-ist-in-diesem-jahr-neu-114156457\" target=\"_self\" class=\"underline \" rel=\"nofollow noopener\">einen Spaziergang machen<\/a>.\n  <\/p>\n<p class=\"mb-6 text-xs md:text-m lg:text-l font-serif group-[.font-sans]:font-sans \">\n    Zusammengehalten werden sie von Allan Anders. Er macht Stimmung nicht mit seinen Ansagen, sondern durch seine Pr\u00e4senz. Das Handy ist oben, er sendet live an seine Leute \u2013 die Botschaft ist klar: Kommt ruhig dazu, auch wenn ihr euch noch unsicher f\u00fchlt. Die meisten hier sind jung, aber dazwischen tauchen auch \u00e4ltere Gesichter auf. Die eine oder andere schiebt einen Kinderwagen oder h\u00e4lt den Hund an der Leine. Immer wieder geht die Sp\u00e4ti-T\u00fcr auf, weil sich noch jemand ein Getr\u00e4nk f\u00fcr den Weg holt: Matcha-Tee, Blockkaffee oder Cola. Es liegt entspannte Vorfreude in der Luft: gleich loslaufen, gemeinsam 10.000 Schritte sammeln, Sonne genie\u00dfen.\n  <\/p>\n<p>            Spazierclub statt Running-Club: In Berlin treffen sich Hunderte zum gemeinsamen Spazieren<\/p>\n<p class=\"mb-6 text-xs md:text-m lg:text-l font-serif group-[.font-sans]:font-sans \">\n    In Berlin trifft sich zum zweiten Mal der noch junge Spazierclub. Gemeinsam soll es vom <a href=\"https:\/\/www.augsburger-allgemeine.de\/krumbach\/einer-der-ersten-in-dieser-gegend-klinik-cafeteria-in-krumbach-wird-durch-supermarkt-ersetzt-113924551\" target=\"_self\" class=\"underline \" rel=\"nofollow noopener\">Sp\u00e4ti<\/a> an der Bezirksgrenze zwischen den Stadtteilen Sch\u00f6neberg und Wilmersdorf zum Stra\u00dfenfestival Karneval der Kulturen nach Kreuzberg gehen. Das Ziel sind entspannte 10.000 Schritte und eine gute Zeit.\n  <\/p>\n<p class=\"mb-6 text-xs md:text-m lg:text-l font-serif group-[.font-sans]:font-sans \">\n    Initiator dieser ungew\u00f6hnlichen Bewegung ist Allan Anders. Er ist Musikmanager, Sp\u00e4tibesitzer und startete vor etwa sechs Monaten auf der <a href=\"https:\/\/www.augsburger-allgemeine.de\/panorama\/jung-vs-alt-tiktok-community-kuert-die-kultigsten-boomerwoerter-114239321\" target=\"_self\" class=\"underline \" rel=\"nofollow noopener\">Videoplattform TikTok<\/a> seine Gedanken zu teilen und sich mit anderen Menschen auszutauschen.\n  <\/p>\n<p class=\"mb-6 text-xs md:text-m lg:text-l font-serif group-[.font-sans]:font-sans \">\n    Er habe immer zu einem <a href=\"https:\/\/www.augsburger-allgemeine.de\/sport\/gemeinsames-laufen-in-augsburg-warum-community-runs-begeistern-und-verbinden-110536726\" target=\"_self\" class=\"underline \" rel=\"nofollow noopener\">Running-Club, also einem Treff, bei dem sich Menschen zusammen joggen<\/a>, gehen wollen, berichtet Anders. \u201eAber ich dachte, ich bin zu fett und kann nicht mithalten.\u201c. Besonders die H\u00fcrde, das erste Mal hinzugehen, sei f\u00fcr ihn zu hoch gewesen. Als eine Freundin wenig sp\u00e4ter selbst einen Running-Club gr\u00fcndete, \u00fcberwand er sich, ging hin und merkte: Das ist gar nicht so schlimm. \u201eDann habe ich \u00fcberlegt, was ich machen kann, damit andere sich auch trauen\u201c, erz\u00e4hlt er weiter.\n  <\/p>\n<p>    <img decoding=\"async\" src=\"https:\/\/www.europesays.com\/de\/wp-content\/uploads\/2026\/05\/img20260524132426.jpg\" alt=\"Beim neuen Spazierclub in Berlin kommen Hunderte zusammen und spazieren gemeinsam durch die Stra\u00dfen.\" title=\"Beim neuen Spazierclub in Berlin kommen Hunderte zusammen und spazieren gemeinsam durch die Stra\u00dfen.\" loading=\"lazy\" class=\"h-full w-full object-cover\"\/><\/p>\n<p>      Icon vergr\u00f6\u00dfern<\/p>\n<p>    Beim neuen Spazierclub in Berlin kommen Hunderte zusammen und spazieren gemeinsam durch die Stra\u00dfen.<br \/>\n    Foto: Anja Volkwein<\/p>\n<p>        Schlie\u00dfen <\/p>\n<p>      Icon Schlie\u00dfen<\/p>\n<p>        Icon vergr\u00f6\u00dfern<\/p>\n<p>        Icon verkleinern<\/p>\n<p>      Icon Pfeil bewegen<\/p>\n<p>    Beim neuen Spazierclub in Berlin kommen Hunderte zusammen und spazieren gemeinsam durch die Stra\u00dfen.<br \/>\n    Foto: Anja Volkwein<\/p>\n<p class=\"mb-6 text-xs md:text-m lg:text-l font-serif group-[.font-sans]:font-sans \">\n    Seine Idee: Den Druck rausnehmen und statt zu joggen, einfach spazieren gehen. Mitte Mai lud Anders das erste Mal zu seinem \u201eSpazierclub\u201c ein. Er l\u00e4dt ein Video auf TikTok hoch und berichtet von seiner Idee: \u201eSpazieren gehen, 10.000 Schritte sammeln, Spa\u00df haben und Leute kennenlernen, alles ganz locker.\u201c Treffpunkt: sonntags 12 Uhr vor seinem Laden, dem Deutschrapsp\u00e4ti. Das Video geht viral. Aus den anf\u00e4nglichen 30 Anmeldungen wurden 300. \u201eDas war unglaublich. Wir waren direkt beim ersten Mal so viele Leute und es hat wahnsinnig Spa\u00df gemacht\u201c, schildert Anders begeistert. Und die Begeisterung h\u00e4lt an.\n  <\/p>\n<p>            Entspannte Atmosph\u00e4re beim Spazierclub: Fr\u00f6hlicher Tross zieht durch die Innenstadt<\/p>\n<p class=\"mb-6 text-xs md:text-m lg:text-l font-serif group-[.font-sans]:font-sans \">\n    Auch dieses Mal sind 400 bis 500 Menschen gekommen. Einige waren beim ersten Mal dabei, viele haben \u00fcber TikTok davon erfahren. Mit etwa einer Stunde Versp\u00e4tung zieht der Trupp in Richtung Karneval der Kulturen los. Das Tempo ist so gew\u00e4hlt, dass niemand abgeh\u00e4ngt wird. Wer sonst bei sportlichen Gruppen Angst h\u00e4tte, nicht mitzuhalten, merkt schnell: Hier ist Mitmachen nicht mit Leistung verkn\u00fcpft. Anstrengend ist h\u00f6chstens das Drumherum: Ampeln, Kreuzungen, das st\u00e4ndige Neu-Sortieren, weil die Gruppe sich wie ein Akkordeon auseinanderzieht und wieder zusammenschiebt.\n  <\/p>\n<p>    <img decoding=\"async\" src=\"https:\/\/www.europesays.com\/de\/wp-content\/uploads\/2026\/05\/img20260524131613.jpg\" alt=\"Allen Anders (mitte) und Nour Idelbi laufen beim Spazierclub vorne weg und sorgen f\u00fcr ausgelassene Stimmung.\" title=\"Allen Anders (mitte) und Nour Idelbi laufen beim Spazierclub vorne weg und sorgen f\u00fcr ausgelassene Stimmung.\" loading=\"lazy\" class=\"h-full w-full object-cover\"\/><\/p>\n<p>      Icon vergr\u00f6\u00dfern<\/p>\n<p>    Allen Anders (mitte) und Nour Idelbi laufen beim Spazierclub vorne weg und sorgen f\u00fcr ausgelassene Stimmung.<br \/>\n    Foto: Anja Volkwein<\/p>\n<p>        Schlie\u00dfen <\/p>\n<p>      Icon Schlie\u00dfen<\/p>\n<p>        Icon vergr\u00f6\u00dfern<\/p>\n<p>        Icon verkleinern<\/p>\n<p>      Icon Pfeil bewegen<\/p>\n<p>    Allen Anders (mitte) und Nour Idelbi laufen beim Spazierclub vorne weg und sorgen f\u00fcr ausgelassene Stimmung.<br \/>\n    Foto: Anja Volkwein<\/p>\n<p class=\"mb-6 text-xs md:text-m lg:text-l font-serif group-[.font-sans]:font-sans \">\n    Und trotzdem macht gerade diese Gr\u00f6\u00dfe Spa\u00df. Auf dem Gehweg zieht der Club Blicke auf sich: Manche Passanten bleiben stehen, andere fragen kurz, was hier los ist. Es f\u00fchlt sich an wie ein kleines Event, ohne dass man daf\u00fcr ein Ticket braucht. Aus den mitgebrachten Musikboxen l\u00e4uft ein Beat, zwischendurch wird auf dem Gehweg getanzt, gelacht, f\u00fcr Selfies posiert. Die Gespr\u00e4che entstehen zuf\u00e4llig: \u00fcber Musik, den Kiez, warum man heute hier ist. Einige laufen zu zweit oder zu dritt, andere schlie\u00dfen sich spontan an. Wer allein gekommen ist, bleibt nicht lange allein \u2013 aber niemand wird dazu gedr\u00e4ngt, sofort Anschluss zu finden.\n  <\/p>\n<p>            Spazierclub geht viral und soll noch weiter wachsen<\/p>\n<p class=\"mb-6 text-xs md:text-m lg:text-l font-serif group-[.font-sans]:font-sans \">\n    Den<a href=\"https:\/\/www.augsburger-allgemeine.de\/wirtschaft\/hype-um-die-uhr-von-swatch-und-audemars-piguet-114280051\" target=\"_self\" class=\"underline \" rel=\"nofollow noopener\"> Hype<\/a> um die Spazierclub-Idee m\u00f6chten Allan Anders und Mitbegr\u00fcnderin Nour Idelbi nutzen und das Projekt gr\u00f6\u00dfer denken. Sie seien bereits mit einigen anderen St\u00e4dten im Austausch, um dort auch gemeinsames Spazierengehen auf die Beine zu stellen, sagt Idelbi. \u201eW\u00e4re es nicht cool, wenn Sonntag, 12 Uhr, \u00fcberall spazieren gehen angesagt ist?\u201c, fragt sie. Au\u00dferdem haben die beiden vor, den Spazierclub in Richtung Musik und Kultur auszubauen. \u201eWir w\u00fcrden gerne K\u00fcnstler engagieren, die den Spaziergang begleiten und dabei performen\u201c, erz\u00e4hlt Idelbi.\n  <\/p>\n","protected":false},"excerpt":{"rendered":"Die Sonne brennt kurz nach Mittag warm auf den Gehweg, und vor dem Sp\u00e4ti im S\u00fcden Berlins schiebt&hellip;\n","protected":false},"author":2,"featured_media":1059171,"comment_status":"","ping_status":"","sticky":false,"template":"","format":"standard","meta":{"footnotes":"","_share_on_mastodon":"0"},"categories":[1825],"tags":[225984,296,29,136900,30,3545,7568,80,17644,225985,151,17849],"class_list":["post-1059170","post","type-post","status-publish","format-standard","has-post-thumbnail","category-berlin","tag-allan-anders","tag-berlin","tag-deutschland","tag-fasching","tag-germany","tag-hunde","tag-kreuzberg","tag-kultur","tag-schoeneberg","tag-spazierclub","tag-tiktok","tag-wilmersdorf"],"share_on_mastodon":{"url":"https:\/\/pubeurope.com\/@de\/116668516965341445","error":""},"_links":{"self":[{"href":"https:\/\/www.europesays.com\/de\/wp-json\/wp\/v2\/posts\/1059170","targetHints":{"allow":["GET"]}}],"collection":[{"href":"https:\/\/www.europesays.com\/de\/wp-json\/wp\/v2\/posts"}],"about":[{"href":"https:\/\/www.europesays.com\/de\/wp-json\/wp\/v2\/types\/post"}],"author":[{"embeddable":true,"href":"https:\/\/www.europesays.com\/de\/wp-json\/wp\/v2\/users\/2"}],"replies":[{"embeddable":true,"href":"https:\/\/www.europesays.com\/de\/wp-json\/wp\/v2\/comments?post=1059170"}],"version-history":[{"count":0,"href":"https:\/\/www.europesays.com\/de\/wp-json\/wp\/v2\/posts\/1059170\/revisions"}],"wp:featuredmedia":[{"embeddable":true,"href":"https:\/\/www.europesays.com\/de\/wp-json\/wp\/v2\/media\/1059171"}],"wp:attachment":[{"href":"https:\/\/www.europesays.com\/de\/wp-json\/wp\/v2\/media?parent=1059170"}],"wp:term":[{"taxonomy":"category","embeddable":true,"href":"https:\/\/www.europesays.com\/de\/wp-json\/wp\/v2\/categories?post=1059170"},{"taxonomy":"post_tag","embeddable":true,"href":"https:\/\/www.europesays.com\/de\/wp-json\/wp\/v2\/tags?post=1059170"}],"curies":[{"name":"wp","href":"https:\/\/api.w.org\/{rel}","templated":true}]}}