{"id":1059178,"date":"2026-05-31T09:40:30","date_gmt":"2026-05-31T09:40:30","guid":{"rendered":"https:\/\/www.europesays.com\/de\/1059178\/"},"modified":"2026-05-31T09:40:30","modified_gmt":"2026-05-31T09:40:30","slug":"dieses-mikroapartment-in-italien-ist-nur-26-quadratmeter-gross-wirkt-aber-wie-ein-richtiges-haus","status":"publish","type":"post","link":"https:\/\/www.europesays.com\/de\/1059178\/","title":{"rendered":"Dieses Mikroapartment in Italien ist nur 26 Quadratmeter gro\u00df \u2013 wirkt aber wie ein richtiges Haus"},"content":{"rendered":"<p><strong>Umbau mit raffiniertem Raumkonzept: So clever wurde dieses 26 Quadratmeter gro\u00dfe Mikroapartment aufgeteilt.<\/strong><\/p>\n<p>Im <a href=\"https:\/\/www.ad-magazin.de\/artikel\/die-schoensten-landhaeuser-weltweit\" target=\"_blank\" rel=\"nofollow noopener\">Hinterland<\/a> von Salerno \u2013 mit dem Auto sind es nur etwa 20 Minuten bis zum n\u00e4chsten Strand \u2013 liegt die Stadt Eboli. Hier besichtigt man pr\u00e4chtige Palazzi, entdeckt die \u00dcberreste einer r\u00f6mischen Wasserleitung oder trinkt einen Espresso mit Blick auf die Berge, die den historischen Stadtkern umrahmen. F\u00fcr die 2025 verstorbene Dichterin Angela Panaro war Eboli ein Ort des Schreibens. In einem herrschaftlichen Geb\u00e4ude in der Altstadt schuf sie sich, was Virginia Woolf bereits 1929 in ihrem ber\u00fchmten Essay als Sehnsuchtsort beschrieb: ein Zimmer f\u00fcr sich allein.<\/p>\n<p><img decoding=\"async\" alt=\"soppalco\" loading=\"lazy\" class=\"ResponsiveImageContainer-dkeESL cQPiWi responsive-image__image\"   src=\"https:\/\/www.europesays.com\/de\/wp-content\/uploads\/2026\/05\/ingresso%20L1009515_parete.jpg\"\/><\/p>\n<p>Der Architekt Luca Bruno nennt die Installation inmitten der Wohnung \u201eThe Cube\u201c. Es entsteht der Eindruck, als w\u00fcrde die Konstruktion im Raum schweben. Dadurch erzeugte er ganz bewusst ein Gef\u00fchl von Leere \u2013 inspiriert von Stanley Kubricks Film \u201eA Clockwork Orange\u201c.<\/p>\n<p>Antonio Alaimo<img decoding=\"async\" alt=\"Mikroapartment in Eboli Italien Holzk\u00fcche und bodentiefe Fenster\" loading=\"lazy\" class=\"ResponsiveImageContainer-dkeESL cQPiWi responsive-image__image\"   src=\"https:\/\/www.europesays.com\/de\/wp-content\/uploads\/2026\/05\/scorcio%20cucina%20L1009547.jpg\"\/><\/p>\n<p>Die K\u00fcche fertigte der Schreiner Vito Micciariello von Hand. Von der Terrasse aus f\u00e4llt der Blick auf eine Silber-Akazie, die jedes Jahr im Fr\u00fchling in gelber Bl\u00fcte steht.<\/p>\n<p>Antonio AlaimoIn diesem M\u00f6belst\u00fcck kann man wohnen \u2013 ein Kubus er\u00f6ffnet eine neue Ebene<\/p>\n<p>Diese Wohnung ein St\u00fcck s\u00fcdlich von Neapel sollte der Schriftstellerin als R\u00fcckzugsort dienen, an dem sie sich auf das Wesentliche konzentrieren konnte: das Schreiben. F\u00fcr den Umbau machte sich der Architekt Luca Bruno, Gr\u00fcnder von BrunoArchitettura, das Matroschka-Prinzip zunutze. Wie bei den russischen Holzpuppen, bei denen die kleineren Figuren in gr\u00f6\u00dferen verborgen sind, entstand ein raffiniert verschachteltes Raumkonzept. Der Grundriss stellte dabei eine besondere Herausforderung dar: Die nur <a href=\"https:\/\/www.ad-magazin.de\/artikel\/tiny-apartment-muenchen\" target=\"_blank\" rel=\"nofollow noopener\">26,5 Quadratmeter<\/a> gro\u00dfe Wohnung ist trapezf\u00f6rmig geschnitten und verf\u00fcgt mit 3,85 Metern zwar \u00fcber hohe Decken \u2013 allerdings nicht hoch genug f\u00fcr ein vollst\u00e4ndiges Zwischengeschoss.<\/p>\n<p>Gerade aus dieser Einschr\u00e4nkung entwickelte Bruno die radikalste Idee des Projekts: ein bewohnbares M\u00f6belst\u00fcck. Ein Kubus aus Mahagoni und Buche strukturiert den Raum, schafft unterschiedlich gro\u00dfe Bereiche und eine weitere Ebene, die \u00fcber eine Treppe angebunden ist. Inspirieren lie\u00df sich der Architekt dabei von einem Meisterwerk der italienischen Renaissance: Antonello da Messinas Gem\u00e4lde \u201eDer heilige Hieronymus im Geh\u00e4use\u201c. Darin sitzt der Gelehrte in einer h\u00f6lzernen Architektur aus Regal, Schreibpult und <a href=\"https:\/\/www.ad-magazin.de\/artikel\/podest-schlafzimmer-ideen\" target=\"_blank\" rel=\"nofollow noopener\">Podest<\/a> \u2013 ein Raum im Raum. Dieses Prinzip \u00fcbertrug Bruno auf das Mikroapartment und schuf auf engstem Raum einen Ort, der offen wirkt und zeitgleich Platz f\u00fcr R\u00fcckzug und Bewegung bietet.<\/p>\n","protected":false},"excerpt":{"rendered":"Umbau mit raffiniertem Raumkonzept: So clever wurde dieses 26 Quadratmeter gro\u00dfe Mikroapartment aufgeteilt. Im Hinterland von Salerno \u2013&hellip;\n","protected":false},"author":2,"featured_media":1059179,"comment_status":"","ping_status":"","sticky":false,"template":"","format":"standard","meta":{"footnotes":"","_share_on_mastodon":"0"},"categories":[1775],"tags":[1793,29,214,30,1794,3325,215],"class_list":["post-1059178","post","type-post","status-publish","format-standard","has-post-thumbnail","category-kunst-und-design","tag-art-and-design","tag-deutschland","tag-entertainment","tag-germany","tag-kunst-und-design","tag-small-spaces","tag-unterhaltung"],"share_on_mastodon":{"url":"","error":""},"_links":{"self":[{"href":"https:\/\/www.europesays.com\/de\/wp-json\/wp\/v2\/posts\/1059178","targetHints":{"allow":["GET"]}}],"collection":[{"href":"https:\/\/www.europesays.com\/de\/wp-json\/wp\/v2\/posts"}],"about":[{"href":"https:\/\/www.europesays.com\/de\/wp-json\/wp\/v2\/types\/post"}],"author":[{"embeddable":true,"href":"https:\/\/www.europesays.com\/de\/wp-json\/wp\/v2\/users\/2"}],"replies":[{"embeddable":true,"href":"https:\/\/www.europesays.com\/de\/wp-json\/wp\/v2\/comments?post=1059178"}],"version-history":[{"count":0,"href":"https:\/\/www.europesays.com\/de\/wp-json\/wp\/v2\/posts\/1059178\/revisions"}],"wp:featuredmedia":[{"embeddable":true,"href":"https:\/\/www.europesays.com\/de\/wp-json\/wp\/v2\/media\/1059179"}],"wp:attachment":[{"href":"https:\/\/www.europesays.com\/de\/wp-json\/wp\/v2\/media?parent=1059178"}],"wp:term":[{"taxonomy":"category","embeddable":true,"href":"https:\/\/www.europesays.com\/de\/wp-json\/wp\/v2\/categories?post=1059178"},{"taxonomy":"post_tag","embeddable":true,"href":"https:\/\/www.europesays.com\/de\/wp-json\/wp\/v2\/tags?post=1059178"}],"curies":[{"name":"wp","href":"https:\/\/api.w.org\/{rel}","templated":true}]}}