{"id":105921,"date":"2025-05-12T23:36:08","date_gmt":"2025-05-12T23:36:08","guid":{"rendered":"https:\/\/www.europesays.com\/de\/105921\/"},"modified":"2025-05-12T23:36:08","modified_gmt":"2025-05-12T23:36:08","slug":"nordrhein-westfalen-marcel-reifs-verhaeltnis-zu-deutschland-und-israel","status":"publish","type":"post","link":"https:\/\/www.europesays.com\/de\/105921\/","title":{"rendered":"Nordrhein-Westfalen: Marcel Reifs Verh\u00e4ltnis zu Deutschland und Israel"},"content":{"rendered":"<p>                    Nordrhein-Westfalen<br \/>\n                Marcel Reifs Verh\u00e4ltnis zu Deutschland und Israel<\/p>\n<p>\t\t\t\t              12.05.2025, 17:35 Uhr<\/p>\n<p><strong>Eine Ausstellung im nordrhein-westf\u00e4lischen Landtag zeigt aus ganz pers\u00f6nlichen Blickwinkeln Ausschnitte aus 60 Jahren deutsch-israelischer Beziehungen. Auch ein prominenter Protagonist ist dabei.<\/strong><\/p>\n<p>D\u00fcsseldorf (dpa\/lnw) &#8211; Der Sportmoderator Marcel Reif wird am Dienstag (13.00 Uhr) im nordrhein-westf\u00e4lischen Landtag \u00fcber seine pers\u00f6nliche Bindung zu Deutschland und Israel sprechen. Anlass ist die Er\u00f6ffnung der Ausstellung &#8222;Deutschland. Israel. Einblicke&#8220;. Dort zeigen Menschen des \u00f6ffentlichen Lebens ihre Sicht auf beide L\u00e4nder und beziehen Position zu 60 Jahren deutsch-israelischer Beziehungen. Reif ist eine der portr\u00e4tierten Personen.\u00a0<\/p>\n<p>Am 12. Mai 1965 hatten die Bundesrepublik Deutschland und der Staat Israel diplomatische Beziehungen aufgenommen. &#8222;20 Jahre nach dem Ende des Zweiten Weltkriegs und des Holocausts war diese Auss\u00f6hnung keine Selbstverst\u00e4ndlichkeit&#8220;, betonte der Landtag in einer Mitteilung.<\/p>\n<p>&#8222;Die Geschichte Nordrhein-Westfalens ist eng mit den deutsch-israelischen Beziehungen verkn\u00fcpft&#8220;, unterstrich Landtagspr\u00e4sident Andr\u00e9 Kuper, der die Ausstellung er\u00f6ffnen wird. K\u00f6ln sei der Gr\u00fcndungsort der diplomatischen Beziehungen beider L\u00e4nder gewesen und in D\u00fcsseldorf sei die &#8222;J\u00fcdische Allgemeine Zeitung&#8220; gegr\u00fcndet worden.\u00a0<\/p>\n<p>&#8222;Wir sind uns der besonderen Verantwortung f\u00fcr die guten Beziehungen zu Israel bewusst&#8220;, hob Kuper hervor. &#8222;Der wachsende Antisemitismus auf unseren Stra\u00dfen nach dem Angriff der Hamas am 7. Oktober 2023 und der Reaktion Israels zeigt uns: Die Verantwortung f\u00fcr die Existenz Israels und der Schutz des j\u00fcdischen Lebens ist nach 60 Jahren der Auftrag auch unserer Generation.&#8220;<\/p>\n","protected":false},"excerpt":{"rendered":"Nordrhein-Westfalen Marcel Reifs Verh\u00e4ltnis zu Deutschland und Israel 12.05.2025, 17:35 Uhr Eine Ausstellung im nordrhein-westf\u00e4lischen Landtag zeigt aus&hellip;\n","protected":false},"author":2,"featured_media":105922,"comment_status":"","ping_status":"","sticky":false,"template":"","format":"standard","meta":{"footnotes":""},"categories":[1831],"tags":[3364,29,3405,30,411,4135,1209,41831,2887],"class_list":{"0":"post-105921","1":"post","2":"type-post","3":"status-publish","4":"format-standard","5":"has-post-thumbnail","7":"category-duesseldorf","8":"tag-de","9":"tag-deutschland","10":"tag-duesseldorf","11":"tag-germany","12":"tag-israel","13":"tag-marcel","14":"tag-nordrhein-westfalen","15":"tag-reifs","16":"tag-verhaeltnis"},"share_on_mastodon":{"url":"https:\/\/pubeurope.com\/@de\/114497492270136847","error":""},"_links":{"self":[{"href":"https:\/\/www.europesays.com\/de\/wp-json\/wp\/v2\/posts\/105921","targetHints":{"allow":["GET"]}}],"collection":[{"href":"https:\/\/www.europesays.com\/de\/wp-json\/wp\/v2\/posts"}],"about":[{"href":"https:\/\/www.europesays.com\/de\/wp-json\/wp\/v2\/types\/post"}],"author":[{"embeddable":true,"href":"https:\/\/www.europesays.com\/de\/wp-json\/wp\/v2\/users\/2"}],"replies":[{"embeddable":true,"href":"https:\/\/www.europesays.com\/de\/wp-json\/wp\/v2\/comments?post=105921"}],"version-history":[{"count":0,"href":"https:\/\/www.europesays.com\/de\/wp-json\/wp\/v2\/posts\/105921\/revisions"}],"wp:featuredmedia":[{"embeddable":true,"href":"https:\/\/www.europesays.com\/de\/wp-json\/wp\/v2\/media\/105922"}],"wp:attachment":[{"href":"https:\/\/www.europesays.com\/de\/wp-json\/wp\/v2\/media?parent=105921"}],"wp:term":[{"taxonomy":"category","embeddable":true,"href":"https:\/\/www.europesays.com\/de\/wp-json\/wp\/v2\/categories?post=105921"},{"taxonomy":"post_tag","embeddable":true,"href":"https:\/\/www.europesays.com\/de\/wp-json\/wp\/v2\/tags?post=105921"}],"curies":[{"name":"wp","href":"https:\/\/api.w.org\/{rel}","templated":true}]}}