{"id":1059415,"date":"2026-05-31T12:14:47","date_gmt":"2026-05-31T12:14:47","guid":{"rendered":"https:\/\/www.europesays.com\/de\/1059415\/"},"modified":"2026-05-31T12:14:47","modified_gmt":"2026-05-31T12:14:47","slug":"vfl-wolfsburg-und-hannover-96-stuehleruecken-in-der-2-liga-sport","status":"publish","type":"post","link":"https:\/\/www.europesays.com\/de\/1059415\/","title":{"rendered":"VfL Wolfsburg und Hannover 96: St\u00fchler\u00fccken in der 2. Liga &#8211; Sport"},"content":{"rendered":"<p data-manual=\"paragraph\" data-schema-org-speakable=\"true\" class=\"css-1vw426e\">Die Fu\u00dfballwelt ist klein, jeder kennt jeden, fast jeder hat mal mit fast jedem zu tun gehabt. Oder sogar zusammengearbeitet. Wie eng die Branchenverbindungen sind, wurde in den vergangenen Tagen im nun durchgehend zweitklassigen Bundesland Niedersachsen aufgezeigt. Den Anfang machte <a href=\"https:\/\/www.sueddeutsche.de\/thema\/Hannover_96\" rel=\"nofollow noopener\" target=\"_blank\">Hannover 96<\/a>, das am letzten Spieltag die Teilnahme an der Aufstiegsrelegation verpasst hatte, als der Klub am Donnerstag verk\u00fcndete, dass Jonas Boldt neuer Sport-Gesch\u00e4ftsf\u00fchrer wird. Seit Samstag ist zudem Dieter Heckings Jobwechsel beim <a href=\"https:\/\/www.sueddeutsche.de\/thema\/VfL_Wolfsburg\" rel=\"nofollow noopener\" target=\"_blank\">VfL Wolfsburg<\/a> offiziell. Der Trainer Hecking war zu Beginn der Woche mit dem Werksklub noch in der Relegation in die Zweitklassigkeit gest\u00fcrzt, jetzt wurde seine Bef\u00f6rderung zum Sport-Gesch\u00e4ftsf\u00fchrer verk\u00fcndet. So schnell kann\u2019s gehen, wenn im VW-Konzern wichtige Planstellen besetzt werden m\u00fcssen.<\/p>\n<p data-manual=\"paragraph\" data-schema-org-speakable=\"true\" class=\"css-1eosz7k\">Ach ja, Boldt und Hecking, da war ja was! Als Duo versuchten sich die beiden einst vergeblich daran, den Nordkonkurrenten Hamburger SV ins Oberhaus zu hieven, eine Mission, die in der Saison 2019\/20 unter anderem wegen eines sagenhaften 1:5 am letzten Spieltag gegen Sandhausen scheiterte. Boldt war damals Sportchef beim HSV, Hecking Trainer. Jetzt sollen sie in jeweils \u00e4hnlichen Rollen bewerkstelligen, was ihnen als Klubverantwortliche bislang nie gelungen ist: Hannover will im achten Anlauf endlich zur\u00fcck ins Oberhaus, in Wolfsburg soll die j\u00fcngste Bruchlandung mit dem direkten Wiederaufstieg gekontert werden. Die Ausgangsbedingungen sind an beiden Standorten auf jeweils unterschiedliche Art g\u00fcnstig. Beide Jobs werden aber auch aus jeweils unterschiedlichen Gr\u00fcnden kompliziert.<\/p>\n<p><a href=\"https:\/\/www.sueddeutsche.de\/sport\/conference-league-crystal-palace-oliver-glasner-li.3490271\" aria-label=\"Artikelverlinkung:\" data-track-szde=\"{&quot;event&quot;:&quot;teaser_clicked&quot;,&quot;teaser_clicked&quot;:{&quot;article_title&quot;:&quot;er_kam_schimpfte_und_siegte&quot;,&quot;doctype&quot;:&quot;&quot;,&quot;label&quot;:&quot;&quot;,&quot;main_topic&quot;:&quot;internationaler_fussball&quot;,&quot;object_id&quot;:&quot;li.3490271&quot;,&quot;pcat&quot;:&quot;metered&quot;,&quot;section&quot;:&quot;sport&quot;,&quot;teaser_type&quot;:&quot;article_teaser_top&quot;}}\" data-manual=\"teaser-url\" data-tb-link=\"\" aria-labelledby=\"teaser-httpswwwsueddeutschedesportconference-league-crystal-palace-oliver-glasner-li3490271\" class=\"css-14tg8sh\" rel=\"nofollow noopener\" target=\"_blank\"><img decoding=\"async\" src=\"https:\/\/www.europesays.com\/de\/wp-content\/uploads\/2026\/05\/22406ace-de27-47e5-aa53-18f8761776d2.jpg\"   alt=\"\" loading=\"lazy\" class=\"css-8atqhb\"\/><\/p>\n<p>Oliver Glasner bei Crystal Palace<\/p>\n<p>:Er kam, schimpfte und siegte<\/p>\n<p class=\"css-a6ecqs\" data-manual=\"teaser-text\" data-tb-description=\"\" data-schema-org-speakable=\"true\">Oliver Glasner bescherte Crystal Palace die ersten Titel der Klubgeschichte und verabschiedet sich mit der Conference-League-Troph\u00e4e. Nun k\u00f6nnte sich der Trainer einen Klub suchen, der besser zu seinen Ambitionen passt.<\/p>\n<p data-manual=\"paragraph\" data-schema-org-speakable=\"true\" class=\"css-1eosz7k\">Beginnen wir in Hannover, wo Boldt spannenderweise auf den Sportdirektor Ralf Becker trifft, seinen damaligen Vorg\u00e4nger als Sportchef des HSV. Und wo er zudem die Nachfolge des im M\u00e4rz demissionierten <a href=\"https:\/\/www.sueddeutsche.de\/thema\/J%C3%B6rg_Schmadtke\" rel=\"nofollow noopener\" target=\"_blank\">J\u00f6rg Schmadtke<\/a> antritt \u2013 ein arrivierter Manager, der vor zwei Jahren in Hamburg sowohl als Nachfolger Boldts sowie als starker Mann neben Boldt im Gespr\u00e4ch gewesen war. Jener Schmadtke jedenfalls hat seinen Job in Hannover zu Beginn des Jahres wutschnaubend hingeworfen nach nur 81 Tagen, Trennungsgrund war dem Vernehmen nach eine unterschiedliche Vorstellung bei der Etatplanung. Schmadtke spekulierte im Aufstiegsfall auf deutlich mehr Budget, als der starke Mann bei 96, der Gesellschafter Martin Kind, zur Verf\u00fcgung stellen wollte. Boldt und Kind haben sich jetzt auf die wirtschaftlichen Rahmenbedingungen geeinigt; in der zweiten Liga geht Hannover mal wieder mit einem aufstiegstauglichen Etat an den Start. Boldt lie\u00df im Klubkommuniqu\u00e9 bereits ausrichten, er k\u00f6nne es kaum abwarten, mit Sportdirektor Becker und dem zuletzt am Aufstieg gescheiterten Trainer Christian Titz bei Hannover 96 \u201edie sportliche Zukunft zu gestalten\u201c. Eine umfassende, Kosten treibende Umw\u00e4lzung des Organigramms ist somit nicht geplant.<\/p>\n<p data-manual=\"paragraph\" data-schema-org-speakable=\"true\" class=\"css-1eosz7k\">Der Zwei-Meter-Manager Boldt soll den \u201ekleinen\u201c HSV aus Hannover also zum Aufstieg f\u00fchren, gelernt, wie es nicht klappt, hat er beim \u201egro\u00dfen\u201c HSV in Hamburg. Doch Boldt wei\u00df: Bei einem Klub mit den Anspr\u00fcchen von 96 ist ein aktiver Ballbesitzfu\u00dfball hilfreich, ein Ansatz, dem sich Coach Titz ohnehin intrinsisch verbunden f\u00fchlt. Es braucht aber zudem Ergebniseffizienz und Widerstandskraft, wenn es mal nicht so l\u00e4uft \u2013 also genau jene Kompetenzen, die Titz\u2019 96er zuletzt in der entscheidenden Saisonphase nicht hatten abrufen k\u00f6nnen. Boldt dagegen hat sich durchaus in der Kunst des Krisenmanagements profilieren k\u00f6nnen: In Hamburg hatte er verschiedene Fraktionen hinter sich versammelt, die Medien hatte er gut im Griff, der vereinsinterne Finanzsektor wurde seri\u00f6s gef\u00fchrt. So richteten seine f\u00fcnf Nichtaufstiege mit dem HSV keinen allzu schlimmen Imageschaden an. Aber Boldt wei\u00df auch: Gar so lange sollte er sich mit dem Aufstieg in Hannover besser nicht Zeit lassen.<\/p>\n<p>Mit Gro\u00dfmannssucht soll\u2019s in der Autostadt (vorerst) vorbei sein.<\/p>\n<p data-manual=\"paragraph\" data-schema-org-speakable=\"true\" class=\"css-1eosz7k\">Noch konsequenter ist die Ma\u00dfgabe von Volkswagen, dem Mutterkonzern des VfL Wolfsburg. Sie lautet: Aufsteigen, und zwar sofort! Was die j\u00fcngsten Fehlentwicklungen in der Autostadt geradezu perfekt illustriert. In die Vorsaison, die mit dem erstmaligen Abstieg der Klubgeschichte endete, war der Werksklub mit dem Vorhaben gestartet, endlich wieder in den Europapokal einzuziehen. Lange her. Dass der Abstiegscoach Hecking nun de facto bef\u00f6rdert wurde, mutet auf den ersten Blick kurios an, auf den zweiten lassen sich hierf\u00fcr Argumente finden: Der Routinier konnte den turbulenten Standort zuletzt zumindest etwas befrieden, er hat eine emotionale Verbindung zum VfL, zudem hat er zuletzt eine innige Binnenbeziehung zum Aufsichtsrat Diego Benaglio und Sportdirektor Pirmin Schwegler aufgebaut. Und: Hecking kennt sich nach seinen Engagements in N\u00fcrnberg und Bochum in der zweiten Liga aus \u2013 das war den VfL-Gremien dem Vernehmen nach wichtig, mit Gro\u00dfmannssucht soll\u2019s in der Autostadt (vorerst) vorbei sein.<\/p>\n<p><img decoding=\"async\" src=\"https:\/\/www.europesays.com\/de\/wp-content\/uploads\/2026\/05\/472d9a5e-8a86-4b5f-9e1c-4c8f420c3f35.jpg\"   alt=\"Gibt es zwischen Dieter Hecking und Alexander Blessin ein Wiedersehen in neuer Funktion? Blessin gilt als hei\u00dfer Trainerkandidat beim VfL Wolfsburg.\" loading=\"lazy\" class=\"css-8atqhb\"\/>Gibt es zwischen Dieter Hecking und Alexander Blessin ein Wiedersehen in neuer Funktion? Blessin gilt als hei\u00dfer Trainerkandidat beim VfL Wolfsburg. Oliver Ruhnke\/Imago<\/p>\n<p data-manual=\"paragraph\" data-schema-org-speakable=\"true\" class=\"css-1eosz7k\">Auf den Sportchef wartet jedenfalls eine Heidenarbeit: Ein neuer, aufstiegsf\u00e4higer Kader muss gebaut werden \u2013 wenngleich Hecking wenigstens nicht in die Verlegenheit kommt, jetzt zahlreiche Leistungstr\u00e4ger ersetzen zu m\u00fcssen. Leistungstr\u00e4ger im Wortsinn hat es in der vergangenen Abstiegssaison ohnehin kaum gegeben. Die neue Mannschaft soll Charakter und Identit\u00e4t haben, zugleich soll sie einen <a href=\"https:\/\/www.sueddeutsche.de\/thema\/Fu%C3%9Fball\" rel=\"nofollow noopener\" target=\"_blank\">Fu\u00dfball<\/a> spielen, der dem angeblichen Kaderetat von mehr als 50 Millionen Euro gerecht wird \u2013 deutlich mehr Geld, als sich die Zweitligakonkurrenz \u00fcberhaupt ertr\u00e4umen k\u00f6nnte.<\/p>\n<p data-manual=\"paragraph\" data-schema-org-speakable=\"true\" class=\"css-1eosz7k\">Und, keine Kleinigkeit: Da Hecking nun Wolfsburger Sportchef ist, wird er jetzt sehr direkt an der Suche seines Nachfolgers f\u00fcr den Trainerjob beteiligt sein. Als hei\u00dfer Kandidat gilt seit l\u00e4ngerem Alexander Blessin vom Mitabsteiger FC St. Pauli. Zudem soll es am Freitag eine Unterredung mit Holstein Kiels Trainer Tim Walter gegeben haben, der aber lieber eilig seinen Vertrag in Kiel verl\u00e4ngerte, anstatt in Wolfsburg anzuheuern. Jener Walter \u2013 und so schlie\u00dft sich der Kreis \u2013 coachte unter dem Sportchef Boldt einst den HSV. In der n\u00e4chsten Zweitligasaison k\u00e4mpft nun jeder f\u00fcr sich. Aufmerksam beobachten wird das alles der in der N\u00e4he von Hannover verwurzelte Manager Schmadtke \u2013 der bislang letzte Sportchef \u00fcbrigens, der mit dem VfL Wolfsburg Erfolg hatte.<\/p>\n","protected":false},"excerpt":{"rendered":"Die Fu\u00dfballwelt ist klein, jeder kennt jeden, fast jeder hat mal mit fast jedem zu tun gehabt. Oder&hellip;\n","protected":false},"author":2,"featured_media":1059416,"comment_status":"","ping_status":"","sticky":false,"template":"","format":"standard","meta":{"footnotes":"","_share_on_mastodon":"0"},"categories":[1836],"tags":[621,299,3364,29,16846,347,30,46,2366,35537,119484,148,1411,265,149,931],"class_list":["post-1059415","post","type-post","status-publish","format-standard","has-post-thumbnail","category-hannover","tag-2-bundesliga","tag-bundesliga","tag-de","tag-deutschland","tag-dieter-hecking","tag-fussball","tag-germany","tag-hannover","tag-hannover-96","tag-jonas-boldt","tag-joerg-schmadtke","tag-leserdiskussion","tag-niedersachsen","tag-sport","tag-sueddeutsche-zeitung","tag-vfl-wolfsburg"],"share_on_mastodon":{"url":"https:\/\/pubeurope.com\/@de\/116669139318185901","error":""},"_links":{"self":[{"href":"https:\/\/www.europesays.com\/de\/wp-json\/wp\/v2\/posts\/1059415","targetHints":{"allow":["GET"]}}],"collection":[{"href":"https:\/\/www.europesays.com\/de\/wp-json\/wp\/v2\/posts"}],"about":[{"href":"https:\/\/www.europesays.com\/de\/wp-json\/wp\/v2\/types\/post"}],"author":[{"embeddable":true,"href":"https:\/\/www.europesays.com\/de\/wp-json\/wp\/v2\/users\/2"}],"replies":[{"embeddable":true,"href":"https:\/\/www.europesays.com\/de\/wp-json\/wp\/v2\/comments?post=1059415"}],"version-history":[{"count":0,"href":"https:\/\/www.europesays.com\/de\/wp-json\/wp\/v2\/posts\/1059415\/revisions"}],"wp:featuredmedia":[{"embeddable":true,"href":"https:\/\/www.europesays.com\/de\/wp-json\/wp\/v2\/media\/1059416"}],"wp:attachment":[{"href":"https:\/\/www.europesays.com\/de\/wp-json\/wp\/v2\/media?parent=1059415"}],"wp:term":[{"taxonomy":"category","embeddable":true,"href":"https:\/\/www.europesays.com\/de\/wp-json\/wp\/v2\/categories?post=1059415"},{"taxonomy":"post_tag","embeddable":true,"href":"https:\/\/www.europesays.com\/de\/wp-json\/wp\/v2\/tags?post=1059415"}],"curies":[{"name":"wp","href":"https:\/\/api.w.org\/{rel}","templated":true}]}}