{"id":1059580,"date":"2026-05-31T13:52:35","date_gmt":"2026-05-31T13:52:35","guid":{"rendered":"https:\/\/www.europesays.com\/de\/1059580\/"},"modified":"2026-05-31T13:52:35","modified_gmt":"2026-05-31T13:52:35","slug":"hc-leipzig-in-der-bundesliga-sind-nicht-hochgegangen-um-wieder-runterzugehen","status":"publish","type":"post","link":"https:\/\/www.europesays.com\/de\/1059580\/","title":{"rendered":"HC Leipzig in der Bundesliga: &#8222;Sind nicht hochgegangen, um wieder runterzugehen&#8220;"},"content":{"rendered":"<p class=\"text\">\nDoch zun\u00e4chst wurde beim HC Leipzig verdienterma\u00dfen gefeiert. Auch wenn Cheftrainer Erik T\u00f6pfer augenscheinlich nach dem Spiel noch nicht so recht realisieren konnte, was da gerade geschafft wurde. &#8222;Ich freue mich riesig, bin aber einfach nur leer. Ich bin unfassbar stolz, aber einfach leer. Das war eine megaharte Saison&#8220;, fasste der 29-J\u00e4hrige zusammen, musste sich dabei auch die ein oder andere Tr\u00e4ne wegwischen. Man habe eine \u00fcberragende Hinrunde gespielt, dann gab es ein paar Dellen, auch wegen Erkrankungen und Verletzungen. &#8222;Aber jetzt, wow, bin ich leer!&#8220;<\/p>\n","protected":false},"excerpt":{"rendered":"Doch zun\u00e4chst wurde beim HC Leipzig verdienterma\u00dfen gefeiert. Auch wenn Cheftrainer Erik T\u00f6pfer augenscheinlich nach dem Spiel noch&hellip;\n","protected":false},"author":2,"featured_media":1059581,"comment_status":"","ping_status":"","sticky":false,"template":"","format":"standard","meta":{"footnotes":"","_share_on_mastodon":"0"},"categories":[1832],"tags":[5854,29595,5876,3364,29,225787,88532,1933,30,1391,10270,21016,101179,225786,71,81,18826,859,36503,3499,265,3498,225788],"class_list":["post-1059580","post","type-post","status-publish","format-standard","has-post-thumbnail","category-leipzig","tag-1-fsv-mainz-05","tag-2-handball-bundesliga","tag-aufstieg","tag-de","tag-deutschland","tag-erik-toepfer","tag-frauen-handball","tag-fuechse-berlin","tag-germany","tag-handball","tag-hbf","tag-hc-leipzig","tag-hcl","tag-lars-lammich","tag-leipzig","tag-mdr","tag-meisterschaft","tag-sachsen","tag-saisonfinale","tag-spio","tag-sport","tag-sport-im-osten","tag-tg-nuertingen"],"share_on_mastodon":{"url":"https:\/\/pubeurope.com\/@de\/116669523397677603","error":""},"_links":{"self":[{"href":"https:\/\/www.europesays.com\/de\/wp-json\/wp\/v2\/posts\/1059580","targetHints":{"allow":["GET"]}}],"collection":[{"href":"https:\/\/www.europesays.com\/de\/wp-json\/wp\/v2\/posts"}],"about":[{"href":"https:\/\/www.europesays.com\/de\/wp-json\/wp\/v2\/types\/post"}],"author":[{"embeddable":true,"href":"https:\/\/www.europesays.com\/de\/wp-json\/wp\/v2\/users\/2"}],"replies":[{"embeddable":true,"href":"https:\/\/www.europesays.com\/de\/wp-json\/wp\/v2\/comments?post=1059580"}],"version-history":[{"count":0,"href":"https:\/\/www.europesays.com\/de\/wp-json\/wp\/v2\/posts\/1059580\/revisions"}],"wp:featuredmedia":[{"embeddable":true,"href":"https:\/\/www.europesays.com\/de\/wp-json\/wp\/v2\/media\/1059581"}],"wp:attachment":[{"href":"https:\/\/www.europesays.com\/de\/wp-json\/wp\/v2\/media?parent=1059580"}],"wp:term":[{"taxonomy":"category","embeddable":true,"href":"https:\/\/www.europesays.com\/de\/wp-json\/wp\/v2\/categories?post=1059580"},{"taxonomy":"post_tag","embeddable":true,"href":"https:\/\/www.europesays.com\/de\/wp-json\/wp\/v2\/tags?post=1059580"}],"curies":[{"name":"wp","href":"https:\/\/api.w.org\/{rel}","templated":true}]}}