{"id":1059664,"date":"2026-05-31T14:40:19","date_gmt":"2026-05-31T14:40:19","guid":{"rendered":"https:\/\/www.europesays.com\/de\/1059664\/"},"modified":"2026-05-31T14:40:19","modified_gmt":"2026-05-31T14:40:19","slug":"karlsruhe-zieht-kaufoption-nicht-und-werder-plant-naechste-leihe-fuer-dieses-eigengewaechs","status":"publish","type":"post","link":"https:\/\/www.europesays.com\/de\/1059664\/","title":{"rendered":"Karlsruhe zieht Kaufoption nicht und Werder plant n\u00e4chste Leihe f\u00fcr dieses Eigengew\u00e4chs"},"content":{"rendered":"<p>Zw\u00f6lf Eins\u00e4tze ohne Scorerpunkt<\/p>\n<p><a href=\"https:\/\/www.fussballdaten.de\/person\/leon-opitz\/\" target=\"_blank\" rel=\"nofollow noopener\">Opitz<\/a> war im vergangenen Sommer mit gro\u00dfen Erwartungen zum <a href=\"https:\/\/www.fussballdaten.de\/vereine\/karlsruher-sc\/\" target=\"_blank\" rel=\"nofollow noopener\">Karlsruher SC<\/a> gewechselt. In der Vorsaison hatte er in der Regionalliga Nord in 26 Spielen noch 16 Tore und zw\u00f6lf Vorlagen erzielt und sich damit f\u00fcr h\u00f6here Aufgaben empfohlen. In der zweiten Liga folgte die Ern\u00fcchterung.<\/p>\n<p class=\"mb20 mt30\">In 12 Zweitligaeins\u00e4tzen gelang dem Rechtsfu\u00df kein einziges Tor und keine Vorlage. Die Kaufoption war an eine bestimmte Einsatzquote gekn\u00fcpft, die er allerdings nicht erreichte. KSC-Gesch\u00e4ftsf\u00fchrer Mario Eggimann hatte ihn bei der Leihe noch als kreativen und variablen Offensivspieler mit Torgefahr angepriesen. Davon war in der abgelaufenen Spielzeit jedoch nur wenig zu sehen.<\/p>\n<p class=\"mb20 mt30\">Opitz war mit elf Jahren zun\u00e4chst in den HSV-Nachwuchs eingetreten und mit 15 Jahren zu <a href=\"https:\/\/www.fussballdaten.de\/vereine\/sv-werder-bremen\/\" target=\"_blank\" rel=\"nofollow noopener\">Werder<\/a> gewechselt, wo er als U18- und U19-Nationalspieler reifte und 2023 seinen ersten Profivertrag erhielt. In der Bundesliga-Saison 2023\/24 hatte er drei Erstligaeins\u00e4tze f\u00fcr die Norddeutschen bestritten.<\/p>\n<p>Fritz sucht beste L\u00f6sung und eine weitere Leihe ist wahrscheinlich<\/p>\n<p class=\"mb20 mt30\">Der Sportliche Leiter Clemens Fritz gab sich in der Bewertung sachlich. \u201eDie Leihe nach Karlsruhe haben sich alle Parteien anders erhofft. Jetzt geht es darum zu schauen, was im Sommer f\u00fcr Leons Entwicklung am meisten Sinn ergibt.&#8220; Eine R\u00fcckkehr in den Profikader am Osterdeich gilt als wenig realistisch, da Opitz in den Planungen keine Rolle spielt.<\/p>\n<p class=\"mb20 mt30\">Am wahrscheinlichsten ist laut DeichStube eine erneute Leihe, diesmal mit dem Ziel, endlich die erhoffte Spielpraxis einzufahren.<\/p>\n","protected":false},"excerpt":{"rendered":"Zw\u00f6lf Eins\u00e4tze ohne Scorerpunkt Opitz war im vergangenen Sommer mit gro\u00dfen Erwartungen zum Karlsruher SC gewechselt. In der&hellip;\n","protected":false},"author":2,"featured_media":1059665,"comment_status":"","ping_status":"","sticky":false,"template":"","format":"standard","meta":{"footnotes":"","_share_on_mastodon":"0"},"categories":[1844],"tags":[1634,299,3364,29,7847,347,30,8903,8836,19763,27821,14200,21900,107573],"class_list":["post-1059664","post","type-post","status-publish","format-standard","has-post-thumbnail","category-karlsruhe","tag-baden-wuerttemberg","tag-bundesliga","tag-de","tag-deutschland","tag-football","tag-fussball","tag-germany","tag-karlsruhe","tag-kaufoption","tag-leihe","tag-naechste","tag-plant","tag-werder","tag-zieht"],"share_on_mastodon":{"url":"https:\/\/pubeurope.com\/@de\/116669712458974196","error":""},"_links":{"self":[{"href":"https:\/\/www.europesays.com\/de\/wp-json\/wp\/v2\/posts\/1059664","targetHints":{"allow":["GET"]}}],"collection":[{"href":"https:\/\/www.europesays.com\/de\/wp-json\/wp\/v2\/posts"}],"about":[{"href":"https:\/\/www.europesays.com\/de\/wp-json\/wp\/v2\/types\/post"}],"author":[{"embeddable":true,"href":"https:\/\/www.europesays.com\/de\/wp-json\/wp\/v2\/users\/2"}],"replies":[{"embeddable":true,"href":"https:\/\/www.europesays.com\/de\/wp-json\/wp\/v2\/comments?post=1059664"}],"version-history":[{"count":0,"href":"https:\/\/www.europesays.com\/de\/wp-json\/wp\/v2\/posts\/1059664\/revisions"}],"wp:featuredmedia":[{"embeddable":true,"href":"https:\/\/www.europesays.com\/de\/wp-json\/wp\/v2\/media\/1059665"}],"wp:attachment":[{"href":"https:\/\/www.europesays.com\/de\/wp-json\/wp\/v2\/media?parent=1059664"}],"wp:term":[{"taxonomy":"category","embeddable":true,"href":"https:\/\/www.europesays.com\/de\/wp-json\/wp\/v2\/categories?post=1059664"},{"taxonomy":"post_tag","embeddable":true,"href":"https:\/\/www.europesays.com\/de\/wp-json\/wp\/v2\/tags?post=1059664"}],"curies":[{"name":"wp","href":"https:\/\/api.w.org\/{rel}","templated":true}]}}