{"id":1059674,"date":"2026-05-31T14:45:24","date_gmt":"2026-05-31T14:45:24","guid":{"rendered":"https:\/\/www.europesays.com\/de\/1059674\/"},"modified":"2026-05-31T14:45:24","modified_gmt":"2026-05-31T14:45:24","slug":"die-oper-von-nino-rota-wird-als-farbenreiche-turbulente-boulevardkomoedie-inszeniert","status":"publish","type":"post","link":"https:\/\/www.europesays.com\/de\/1059674\/","title":{"rendered":"Die Oper von Nino Rota wird als farbenreiche, turbulente Boulevardkom\u00f6die inszeniert"},"content":{"rendered":"<p class=\"text_ohne_einzug richtext text-em-55 !leading-serif mx-6 desktop:mx-0\">Im Opernhaus feierte am Samstag die Oper \u201eDer Florentiner Hut\u201c von Nino Rota eine umjubelte Premiere. Bei dem italienischen Komponisten denkt man zuerst an seine Filmmusik, die in vielen Hollywood-Klassikern zu h\u00f6ren ist. Doch Rota, der einen Oscar und andere Auszeichnungen bekam, komponierte auch Opern. Seine bekannteste ist die 1955 uraufgef\u00fchrte Farsa musicale \u201eIl cappello di paglia di Firenze\u201c, die jetzt in Wuppertal zu sehen ist. Sie vereint Oper, Operette und Filmmusik in rasantem Tempo \u2013 wie es sich f\u00fcr eine Kom\u00f6die geh\u00f6rt.<\/p>\n<p class=\"richtext text-em-55 !leading-serif mx-6 desktop:mx-0\">Schon in der Ouvert\u00fcre meint man Rossini zu erkennen. In den vier Akten gibt es Zitate von Donizetti und Bellini. Manche Kl\u00e4nge lassen an Puccini denken, andere an Verdi. Doch wenn man meint, die Musik zu erkennen, kommt Rota mit einem komponierten Augenzwinkern daher. Das Sinfonieorchester Wuppertal unter Leitung von Kapellmeister Yorgos Ziavras spielt das alles mit einer charmanten Mischung aus italienischer Leichtigkeit und Absurdit\u00e4t. Rotas Musik \u2013 zwischen Hommage an 200 Jahre italienische Oper, leichter Ironie und feinsinniger Komik \u2013 kommt hervorragend zur Geltung.<\/p>\n<p class=\"richtext text-em-55 !leading-serif mx-6 desktop:mx-0\">Die Story ist simpel: Der junge Fadinard bereitet seine Hochzeit mit Elena vor, sein Diener Felice stapelt schon die Geschenke. Pl\u00f6tzlich tauchen eine Dame und ihr Liebhaber \u2013 Anaide und Emilio \u2013 auf und fordern Ersatz f\u00fcr den Hut, den Fadinards Pferd versehentlich gefressen hat. Die Wiederbeschaffung dieses Florentiner Hutes ist dringend erforderlich, da sich die Dame mit Emilio im Geb\u00fcsch vergn\u00fcgt hat und ohne den Hut nicht zum eifers\u00fcchtigen Ehemann gehen kann.<\/p>\n<p>Gesp\u00fcr f\u00fcr Tempo, exaktes <br \/>Timing und Sinn f\u00fcr Humor      <\/p>\n<p class=\"text_ohne_einzug richtext text-em-55 !leading-serif mx-6 desktop:mx-0\">Das ist eigentlich schon alles und im ersten Akt l\u00e4uft die Geschichte recht langsam an. Der Onkel des Br\u00e4utigams bringt ein Geschenk, Fadinard erz\u00e4hlt von seinem Missgeschick \u201ePferd frisst Hut\u201c und singt mit seiner Braut Elena eine erste bezaubernde Liebesarie. Der Diener kann keinen Ersatzhut auftreiben, Anaide ist verzweifelt, ihr aufgebrachter Liebhaber droht Fadinard mit einem Duell. Also macht sich der Br\u00e4utigam eilig auf die Suche nach einem identischen Hut. Diese absurde Suche l\u00e4sst dann fast alle Akteure in hohem Tempo mehr als 90 Minuten lang \u00fcber die B\u00fchne jagen.<\/p>\n<p class=\"richtext text-em-55 !leading-serif mx-6 desktop:mx-0\">Die Geschichte beruht auf der Boulevardkom\u00f6die von Eug\u00e8ne Labiche, die 1851 uraufgef\u00fchrt und weltweit f\u00fcr B\u00fchne und Film adaptiert wurde. Die englische Regisseurin Laura Attridge hat die Kom\u00f6die mit gutem Gesp\u00fcr f\u00fcr Tempo, exaktes Timing und Sinn f\u00fcr Humor inszeniert. Die Personenf\u00fchrung leuchtet musikalische Feinheiten szenisch aus, die Figuren haben Spielraum, um Eigenschaften und Skurrilit\u00e4ten zu entwickeln. Das Ensemble der Oper l\u00e4sst sich mit gro\u00dfer Spielfreude auf das Geschehen ein. Agostino Subacci als Schwiegervater und Oliver Weidinger als geh\u00f6rnter Ehemann, der auf seine Gattin wartet, singen gro\u00dfartig und zeigen gro\u00dfes kom\u00f6diantisches Talent. Mark Bowman-Hester (als Gast) spielt den Onkel mit schr\u00e4ger Buffo-Note. Zachery Wilson \u00fcberzeugt mit klangsch\u00f6nem Bariton in der Rolle des Liebhabers Emilio und Elena Sverdiolait\u00e8 ist als Anaide herrlich aufgeregt und zickig. Auch der Opernchor agiert mit praller Spielfreude. Gesanglich sehr gut vorbereitet von Ulrich Zippelius, tritt er in rasantem Tempo in wechselnden Rollen auf und bringt buntes Leben auf die B\u00fchne. F\u00fcr plausible Bewegungsabl\u00e4ufe \u2013 ob Hektik, Tanz oder Freeze &#8211; hat Corina W\u00fcrsch gesorgt.<\/p>\n<p class=\"richtext text-em-55 !leading-serif mx-6 desktop:mx-0\">Fadinard findet keinen Hut. Nicht im Laden einer Modistin (mit sch\u00f6nem Sopran Marianna Ortugno vom Opernstudio NRW), nicht bei der Baronin de Champigny. Edith Grossman hat als Baronin einen k\u00f6stlichen Diva-Auftritt. Im Glitzerkost\u00fcm mit Feder-Boa singt sie mit sch\u00f6nstem Mezzosopran und umgarnt Fadinard. Die Kost\u00fcme von Markus Meyer sind in jeder Szene eine echte Augenweide. In der poetischen Welt seiner B\u00fchnenbilder gibt es viel zu entdecken.<\/p>\n<p class=\"richtext text-em-55 !leading-serif mx-6 desktop:mx-0\">Im Salon der Baronin, die den ber\u00fchmten Geiger Minardi (Liviu Neagu-Gruber) erwartet, tr\u00e4gt man extravagante Abendroben, die Hochzeitsgesellschaft kommt hinzu, es gibt Verwechslungen, abstruse Wendungen und schlechtes Wetter. Lebendige musikalische Intermezzi spielen vor dem Vorhang. Als endlich ein Hut gefunden wird, der mit dem gefressenen Hut identisch ist, dauert es noch einige Zeit, bis Fadinard und Elena Hochzeit feiern k\u00f6nnen. Francesca Chiejina, ab der n\u00e4chsten Spielzeit Ensemblemitglied der Oper Wuppertal, singt die Elena mit strahlend sch\u00f6nem Sopran. Der lyrische Tenor Zicong Han vom Opernstudio NRW spielt den Fadinard \u00fcberzeugend und sehr k\u00f6rperlich. Er singt die Rolle souver\u00e4n mit schlanker gut gef\u00fchrter Stimme. Schlie\u00dflich gibt es ein Happy End in sch\u00f6nster Operetten-Seligkeit.<\/p>\n<p class=\"richtext text-em-55 !leading-serif mx-6 desktop:mx-0\">Es folgten riesengro\u00dfer Beifall und Bravorufe.<\/p>\n","protected":false},"excerpt":{"rendered":"Im Opernhaus feierte am Samstag die Oper \u201eDer Florentiner Hut\u201c von Nino Rota eine umjubelte Premiere. Bei dem&hellip;\n","protected":false},"author":2,"featured_media":1059675,"comment_status":"","ping_status":"","sticky":false,"template":"","format":"standard","meta":{"footnotes":"","_share_on_mastodon":"0"},"categories":[1840],"tags":[3364,29,161478,226052,92,3698,225016,30,30535,810,9803,194126,1209,97,6910,226054,68167,5210,5217,11634,226053,4418],"class_list":["post-1059674","post","type-post","status-publish","format-standard","has-post-thumbnail","category-wuppertal","tag-de","tag-deutschland","tag-elena","tag-fadinard","tag-film","tag-filmmusik","tag-florentiner","tag-germany","tag-hut","tag-musik","tag-musikalische","tag-nino-rota","tag-nordrhein-westfalen","tag-oper","tag-operette","tag-operetten","tag-opernchor","tag-opernhaus","tag-opernstudio","tag-tempo","tag-umjubelte","tag-wuppertal"],"share_on_mastodon":{"url":"https:\/\/pubeurope.com\/@de\/116669731844368596","error":""},"_links":{"self":[{"href":"https:\/\/www.europesays.com\/de\/wp-json\/wp\/v2\/posts\/1059674","targetHints":{"allow":["GET"]}}],"collection":[{"href":"https:\/\/www.europesays.com\/de\/wp-json\/wp\/v2\/posts"}],"about":[{"href":"https:\/\/www.europesays.com\/de\/wp-json\/wp\/v2\/types\/post"}],"author":[{"embeddable":true,"href":"https:\/\/www.europesays.com\/de\/wp-json\/wp\/v2\/users\/2"}],"replies":[{"embeddable":true,"href":"https:\/\/www.europesays.com\/de\/wp-json\/wp\/v2\/comments?post=1059674"}],"version-history":[{"count":0,"href":"https:\/\/www.europesays.com\/de\/wp-json\/wp\/v2\/posts\/1059674\/revisions"}],"wp:featuredmedia":[{"embeddable":true,"href":"https:\/\/www.europesays.com\/de\/wp-json\/wp\/v2\/media\/1059675"}],"wp:attachment":[{"href":"https:\/\/www.europesays.com\/de\/wp-json\/wp\/v2\/media?parent=1059674"}],"wp:term":[{"taxonomy":"category","embeddable":true,"href":"https:\/\/www.europesays.com\/de\/wp-json\/wp\/v2\/categories?post=1059674"},{"taxonomy":"post_tag","embeddable":true,"href":"https:\/\/www.europesays.com\/de\/wp-json\/wp\/v2\/tags?post=1059674"}],"curies":[{"name":"wp","href":"https:\/\/api.w.org\/{rel}","templated":true}]}}