{"id":1059695,"date":"2026-05-31T15:01:17","date_gmt":"2026-05-31T15:01:17","guid":{"rendered":"https:\/\/www.europesays.com\/de\/1059695\/"},"modified":"2026-05-31T15:01:17","modified_gmt":"2026-05-31T15:01:17","slug":"europaeische-union-maltas-regierungspartei-gewinnt-wahl-zum-vierten-mal-in-folge","status":"publish","type":"post","link":"https:\/\/www.europesays.com\/de\/1059695\/","title":{"rendered":"Europ\u00e4ische Union: Maltas Regierungspartei gewinnt Wahl zum vierten Mal in Folge"},"content":{"rendered":"<p class=\"paragraph article__item\">Die regierende Labour-Partei hat ihren Sieg bei der Parlamentswahl in <a class=\"rtr-entity\" href=\"https:\/\/www.zeit.de\/thema\/malta\" rel=\"nofollow noopener\" target=\"_blank\">Malta<\/a> erkl\u00e4rt. \u00bbWir haben Geschichte geschrieben, indem wir zum vierten Mal in Folge gewonnen haben\u00ab, sagte Ministerpr\u00e4sident Robert Abela in einem TV-Interview, nachdem erste Ergebnisse den Vorsprung seiner Partei vor der konservativen Nationalist Party gezeigt hatten. Er wolle Premierminister f\u00fcr alle B\u00fcrger <a href=\"https:\/\/www.zeit.de\/thema\/malta\" target=\"_blank\" rel=\"nofollow noopener\">Maltas<\/a> sein.\n<\/p>\n<p class=\"paragraph article__item\">Oppositionsf\u00fchrer Alex Borg sagte in einer Videobotschaft in den sozialen Medien, er habe Abela angerufen, um seine Niederlage einzugestehen und ihm alles Gute zu w\u00fcnschen. \u00bbDas Volk hat gesprochen, und wir m\u00fcssen seinen Willen respektieren\u00ab, sagte Borg. Dies sei nicht das Ergebnis, das er sich gew\u00fcnscht habe, aber niemand solle die Stimme f\u00fcr seine Partei bereuen.\n<\/p>\n<p class=\"paragraph article__item\">Wie gro\u00df der Abstand zwischen den beiden Parteien ist, ist noch unklar. Die ersten Ergebnisse basieren auf den Meldungen von Wahlbeobachtern beider Parteien aus der Halle f\u00fcr die Stimmausz\u00e4hlung. Die Ausz\u00e4hlung aller Stimmen soll erst im Laufe des Tages abgeschlossen sein, das offizielle Ergebnis auch erst dann feststehen. Die Wahlbeteiligung lag den Angaben zufolge bei 87,4 Prozent. Sie lag damit leicht h\u00f6her als bei der Wahl 2022.\n<\/p>\n<p class=\"paragraph article__item\">Abela hatte Ende April <a href=\"https:\/\/www.zeit.de\/politik\/ausland\/2026-05\/malta-wahl-vorgezogen-eu-iran-gxe\" target=\"_blank\" rel=\"nofollow noopener\">knapp ein Jahr vor Ende der Legislaturperiode Neuwahlen ausgerufen<\/a>. Er hatte globale geopolitische Sorgen als Begr\u00fcndung daf\u00fcr genannt und mitgeteilt, dass seine Regierung ein neues Mandat brauche, um Malta und die B\u00fcrger durch eine drohende Energiekrise zu f\u00fchren. Beobachter sahen dahinter jedoch eher parteipolitisches Kalk\u00fcl. Abelas politischer Gegner Borg wurde erst im September vergangenen Jahres zum Chef der Nationalist Party gew\u00e4hlt.\n<\/p>\n<p>        Abela regiert seit 2020        <\/p>\n<p class=\"paragraph article__item\">Im Wahlkampf pr\u00e4sentierte Abela Labour als Partei der wirtschaftlichen<br \/>\nStabilit\u00e4t und Glaubw\u00fcrdigkeit. Er verwies auf jahrelanges starkes Wachstum des<br \/>\nBruttoinlandsprodukts und das Rekordtief bei der Arbeitslosigkeit unter<br \/>\nseiner F\u00fchrung. Regierungschef von Malta ist Abela seit 2020. Er ist der Sohn<br \/>\neines fr\u00fcheren Pr\u00e4sidenten. Die Labour-Partei regiert das Land seit 2013.\n<\/p>\n<p>                            \u00a9\u00a0Lea Dohle<\/p>\n<p>\n                                        Newsletter<br \/>\n                                        Was jetzt? \u2013 Der t\u00e4gliche Morgen\u00fcberblick<\/p>\n<p class=\"newsletter-signup__text\">Starten Sie mit unserem kurzen Nachrichten-Newsletter in den Tag. Erhalten Sie zudem freitags das digitale Magazin ZEIT am Wochenende.<\/p>\n<p class=\"newsletter-signup__datapolicy\" hidden=\"\">\n            Mit Ihrer Registrierung nehmen Sie die <a href=\"https:\/\/datenschutz.zeit.de\/zon#Newsletter\" target=\"_blank\" rel=\"nofollow noopener\">Datenschutzerkl\u00e4rung<\/a> zur Kenntnis.\n        <\/p>\n<p>    Vielen Dank! Wir haben Ihnen eine E-Mail geschickt.<\/p>\n<p>Pr\u00fcfen Sie Ihr Postfach und best\u00e4tigen Sie das Newsletter-Abonnement.<\/p>\n<p class=\"paragraph article__item\">Die Nationalist Party stellte sich hingegen als Kraft dar, die die<br \/>\nInfrastruktur des Landes verbessern und Maltas Abh\u00e4ngigkeit von ausl\u00e4ndischen<br \/>\nArbeitskr\u00e4ften verringern w\u00fcrde.\u00a0\n<\/p>\n<p class=\"paragraph article__item\">Malta ist das am dichtesten besiedelte Land <a href=\"https:\/\/www.zeit.de\/thema\/europaeische-union\" target=\"_blank\" rel=\"nofollow noopener\">Europas<\/a>. Trotz der niedrigsten<br \/>\nGeburtenrate des Kontinents ist die Bev\u00f6lkerung in den vergangenen zehn Jahren<br \/>\num rund 25 Prozent gewachsen, vor allem durch einen starken Anstieg<br \/>\nausl\u00e4ndischer Arbeitskr\u00e4fte.\u00a0\n<\/p>\n<p>Mehr zum Thema<\/p>\n<p>            Europ\u00e4ische Union        <\/p>\n<p>                <a href=\"https:\/\/www.zeit.de\/politik\/ausland\/2026-05\/bewegungsfreiheit-eu-warenverkehr-brenner-autobahn-oesterreich\" data-ct-label=\"Brenner-Blockade: Aber die gr\u00f6\u00dften Blockierer sitzen in Deutschland\" data-uuid=\"83353b6d-9f44-408a-ba50-e30bddfa7291\" rel=\"nofollow noopener\" target=\"_blank\"><\/p>\n<p>        Z+ (abopflichtiger Inhalt);<\/p>\n<p>    Brenner-Blockade:<br \/>\n                        Aber die gr\u00f6\u00dften Blockierer sitzen in Deutschland<\/p>\n<p>                <\/a><\/p>\n<p>                <a href=\"https:\/\/www.zeit.de\/politik\/ausland\/2026-05\/michael-kofman-militaer-ukraine-krieg-russland-europa\" data-ct-label=\"Michael Kofman: \u00bbDas Kriegsziel der Ukraine ist deutlich leichter zu erreichen\u00ab\" data-uuid=\"9e1d069b-1171-4af9-af3d-a5a30688de13\" rel=\"nofollow noopener\" target=\"_blank\"><\/p>\n<p>        Z+ (abopflichtiger Inhalt);<\/p>\n<p>    Michael Kofman:<br \/>\n                        \u00bbDas Kriegsziel der Ukraine ist deutlich leichter zu erreichen\u00ab<\/p>\n<p>                <\/a><\/p>\n<p>                <a href=\"https:\/\/www.zeit.de\/politik\/deutschland\/2026-05\/eu-asylsystem-geas-reform-migration\" data-ct-label=\"EU-Asylsystem: Bringt das die Wende?\" data-uuid=\"e0074103-4822-47ed-9059-aecdafa82004\" rel=\"nofollow noopener\" target=\"_blank\"><\/p>\n<p>        Z+ (abopflichtiger Inhalt);<\/p>\n<p>    EU-Asylsystem:<br \/>\n                        Bringt das die Wende?<\/p>\n<p>                <\/a><\/p>\n","protected":false},"excerpt":{"rendered":"Die regierende Labour-Partei hat ihren Sieg bei der Parlamentswahl in Malta erkl\u00e4rt. \u00bbWir haben Geschichte geschrieben, indem wir&hellip;\n","protected":false},"author":2,"featured_media":1059696,"comment_status":"","ping_status":"","sticky":false,"template":"","format":"standard","meta":{"footnotes":"","_share_on_mastodon":"0"},"categories":[3933],"tags":[331,332,548,663,158,3934,3935,13,15118,14,15,853,16,11329,12],"class_list":["post-1059695","post","type-post","status-publish","format-standard","has-post-thumbnail","category-eu","tag-aktuelle-nachrichten","tag-aktuelle-news","tag-eu","tag-europa","tag-europaeische-union","tag-europe","tag-european-union","tag-headlines","tag-malta","tag-nachrichten","tag-news","tag-parlamentswahl","tag-politik","tag-premierminister","tag-schlagzeilen"],"share_on_mastodon":{"url":"https:\/\/pubeurope.com\/@de\/116669794786113669","error":""},"_links":{"self":[{"href":"https:\/\/www.europesays.com\/de\/wp-json\/wp\/v2\/posts\/1059695","targetHints":{"allow":["GET"]}}],"collection":[{"href":"https:\/\/www.europesays.com\/de\/wp-json\/wp\/v2\/posts"}],"about":[{"href":"https:\/\/www.europesays.com\/de\/wp-json\/wp\/v2\/types\/post"}],"author":[{"embeddable":true,"href":"https:\/\/www.europesays.com\/de\/wp-json\/wp\/v2\/users\/2"}],"replies":[{"embeddable":true,"href":"https:\/\/www.europesays.com\/de\/wp-json\/wp\/v2\/comments?post=1059695"}],"version-history":[{"count":0,"href":"https:\/\/www.europesays.com\/de\/wp-json\/wp\/v2\/posts\/1059695\/revisions"}],"wp:featuredmedia":[{"embeddable":true,"href":"https:\/\/www.europesays.com\/de\/wp-json\/wp\/v2\/media\/1059696"}],"wp:attachment":[{"href":"https:\/\/www.europesays.com\/de\/wp-json\/wp\/v2\/media?parent=1059695"}],"wp:term":[{"taxonomy":"category","embeddable":true,"href":"https:\/\/www.europesays.com\/de\/wp-json\/wp\/v2\/categories?post=1059695"},{"taxonomy":"post_tag","embeddable":true,"href":"https:\/\/www.europesays.com\/de\/wp-json\/wp\/v2\/tags?post=1059695"}],"curies":[{"name":"wp","href":"https:\/\/api.w.org\/{rel}","templated":true}]}}