{"id":1059734,"date":"2026-05-31T15:27:16","date_gmt":"2026-05-31T15:27:16","guid":{"rendered":"https:\/\/www.europesays.com\/de\/1059734\/"},"modified":"2026-05-31T15:27:16","modified_gmt":"2026-05-31T15:27:16","slug":"rheinbahn-unfall-duesseldorf-35-jaehriger-wird-von-bahn-mitgeschleift-und-verletzt-sich-schwer","status":"publish","type":"post","link":"https:\/\/www.europesays.com\/de\/1059734\/","title":{"rendered":"Rheinbahn-Unfall D\u00fcsseldorf: 35-J\u00e4hriger wird von Bahn mitgeschleift und verletzt sich schwer"},"content":{"rendered":"<p class=\"text_ohne_einzug richtext text-em-55 !leading-serif mx-6 desktop:mx-0\"> Ein 35-j\u00e4hriger D\u00fcsseldorfer wurde bei einem Stra\u00dfenbahnunfall am fr\u00fchen Sonntagmorgen schwer verletzt. Laut <a href=\"https:\/\/rp-online.de\/thema\/polizei\/\" rel=\"nofollow noopener\" target=\"_blank\">Polizei<\/a> <a href=\"https:\/\/rp-online.de\/thema\/duesseldorf\/\" rel=\"nofollow noopener\" target=\"_blank\">D\u00fcsseldorf<\/a> stand der Mann um 3.30 Uhr zwischen zwei Waggons der Rheinbahn-Linie U72, als diese an der Haltestelle Wehrhahn S in Richtung Ratingen losfuhr. \u201eDer Mann wurde mitgeschleift\u201c, sagt ein Polizeisprecher. Nachdem die Bahn abbremste, geriet der Mann unter einen Waggon und musste schwer verletzt ins Krankenhaus gebracht werden.<\/p>\n<p class=\"richtext text-em-55 !leading-serif mx-6 desktop:mx-0\">Der Unfall hatte einen Gro\u00dfeinsatz ausgel\u00f6st. Die <a href=\"https:\/\/rp-online.de\/thema\/feuerwehr\/\" rel=\"nofollow noopener\" target=\"_blank\">Feuerwehr<\/a> D\u00fcsseldorf war laut einem Sprecher mit 13 Fahrzeugen, 20 Feuerwehrleuten und zw\u00f6lf Rettungskr\u00e4ften im Einsatz. \u201eF\u00fcr solche Unf\u00e4lle gibt es bei uns eine feste Alarm- und Ausr\u00fcckeordnung\u201c, hie\u00df es von der Feuerwehr. Demnach geh\u00f6rt auch ein Wagen mit Feuerwehrkran dazu \u2013 eines der gr\u00f6\u00dften und teuersten Fahrzeuge im Einsatz. Diese Spezialmaschinen k\u00f6nnen einen Rheinbahn-Waggon anheben, der mehr als 40 Tonnen wiegt.<\/p>\n<p class=\"richtext text-em-55 !leading-serif mx-6 desktop:mx-0\">Als die Einsatzkr\u00e4fte eintrafen, war das Unfallopfer \u201ewach und ansprechbar\u201c, berichtet ein Feuerwehrsprecher. Eingeklemmt war der 35-J\u00e4hrige demnach nicht, auch ein Anheben der Bahn war nicht n\u00f6tig. \u201eWir konnten ihn mit dem Einsatz technischer Mittel herausziehen und an die Rettungskr\u00e4fte \u00fcbergeben, damit er ins Krankenhaus kommt.\u201c Nach 50 Minuten war der Einsatz f\u00fcr die Feuerwehr beendet.<\/p>\n<p>Rheinbahn-Unf\u00e4lle in D\u00fcsseldorf h\u00e4ufen sich seit November 2025      <\/p>\n<p class=\"richtext text-em-55 !leading-serif mx-6 desktop:mx-0\">F\u00fcr Polizei und <a href=\"https:\/\/rp-online.de\/thema\/rheinbahn\/\" rel=\"nofollow noopener\" target=\"_blank\">Rheinbahn<\/a> dagegen hatte der Unfall noch stundenlang Folgen. Laut einer Rheinbahn-Sprecherin konnten die Wehrhahn-Linien U71, U72 und U73 zwischen 3.34 und 7.15 Uhr die Haltestelle Wehrhahn S nicht anfahren. Das Verkehrsunfallaufnahmeteam der Polizei war bis 7.30 Uhr am Unfallort, um Spuren zu sichern und den Hergang zu ermitteln.<\/p>\n<p class=\"richtext text-em-55 !leading-serif mx-6 desktop:mx-0\">Warum der 35-j\u00e4hrige D\u00fcsseldorfer im Kupplungsbereich zweier Waggons am Gleis stand, ist noch nicht gekl\u00e4rt. \u201eWir k\u00f6nnen Alkoholeinfluss nicht ausschlie\u00dfen\u201c, sagt ein Polizeisprecher. In jedem Fall bestehe kein Fremdverschulden.<\/p>\n<p class=\"richtext text-em-55 !leading-serif mx-6 desktop:mx-0\">Aus Sicht der Rheinbahn reiht sich der Vorfall ein in eine Serie von Unf\u00e4llen.Kostenpflichtiger Inhalt <a href=\"https:\/\/rp-online.de\/nrw\/staedte\/duesseldorf\/verkehr\/duesseldorf-staatsanwaltschaft-sieht-fahrerfehler-bei-bahnunfaellen_aid-149065975\" target=\"_blank\" rel=\"nofollow noopener\"> Zwischen November 2025 und Mai 2026 kollidierten oder entgleisten vier Bahnen<\/a>. Und am vergangenen Donnerstag, Freitag und Samstag kam es<a href=\"https:\/\/rp-online.de\/nrw\/staedte\/duesseldorf\/blaulicht\/unfall-in-duesseldorf-auto-und-strassenbahn-stossen-zusammen_aid-149082905\" target=\"_blank\" rel=\"nofollow noopener\"> an der Grafenberger Allee<\/a> sowie<a href=\"https:\/\/rp-online.de\/nrw\/staedte\/duesseldorf\/blaulicht\/duesseldorf-stockum-autofahrer-biegt-verboten-ab-zusammenstoss-mit-strassenbahn_aid-149155467\" target=\"_blank\" rel=\"nofollow noopener\"> in Stockum<\/a> an drei aufeinanderfolgenden Tagen zu Unf\u00e4llen zwischen Autos und Stra\u00dfenbahnen. Dass Fu\u00dfg\u00e4nger \u2013 wie jetzt am Wehrhahn \u2013 bei einem Stra\u00dfenbahn-Unfall verletzt werden, passiert statistisch betrachtet selten. 2025 kam es laut polizeilichem Verkehrsbericht zu 15 solchen F\u00e4llen in D\u00fcsseldorf.<\/p>\n","protected":false},"excerpt":{"rendered":"Ein 35-j\u00e4hriger D\u00fcsseldorfer wurde bei einem Stra\u00dfenbahnunfall am fr\u00fchen Sonntagmorgen schwer verletzt. Laut Polizei D\u00fcsseldorf stand der Mann&hellip;\n","protected":false},"author":2,"featured_media":1059735,"comment_status":"","ping_status":"","sticky":false,"template":"","format":"standard","meta":{"footnotes":"","_share_on_mastodon":"0"},"categories":[1831],"tags":[226065,1739,3364,29,3405,3679,7328,30,18273,26507,90843,1209,4102,4900,13362,1284,2624,32679,58252,26288,132621,5185,86001],"class_list":["post-1059734","post","type-post","status-publish","format-standard","has-post-thumbnail","category-duesseldorf","tag-3-30","tag-bahn","tag-de","tag-deutschland","tag-duesseldorf","tag-duesseldorfer","tag-faelle","tag-germany","tag-jaehriger","tag-linie","tag-mitgeschleift","tag-nordrhein-westfalen","tag-rheinbahn","tag-strassenbahn","tag-strassenbahnen","tag-unfall","tag-unfaelle","tag-unfaellen","tag-unfallopfer","tag-unfallort","tag-verkehrsunfallaufnahmeteam","tag-verletzt","tag-wehrhahn"],"share_on_mastodon":{"url":"https:\/\/pubeurope.com\/@de\/116669896901929743","error":""},"_links":{"self":[{"href":"https:\/\/www.europesays.com\/de\/wp-json\/wp\/v2\/posts\/1059734","targetHints":{"allow":["GET"]}}],"collection":[{"href":"https:\/\/www.europesays.com\/de\/wp-json\/wp\/v2\/posts"}],"about":[{"href":"https:\/\/www.europesays.com\/de\/wp-json\/wp\/v2\/types\/post"}],"author":[{"embeddable":true,"href":"https:\/\/www.europesays.com\/de\/wp-json\/wp\/v2\/users\/2"}],"replies":[{"embeddable":true,"href":"https:\/\/www.europesays.com\/de\/wp-json\/wp\/v2\/comments?post=1059734"}],"version-history":[{"count":0,"href":"https:\/\/www.europesays.com\/de\/wp-json\/wp\/v2\/posts\/1059734\/revisions"}],"wp:featuredmedia":[{"embeddable":true,"href":"https:\/\/www.europesays.com\/de\/wp-json\/wp\/v2\/media\/1059735"}],"wp:attachment":[{"href":"https:\/\/www.europesays.com\/de\/wp-json\/wp\/v2\/media?parent=1059734"}],"wp:term":[{"taxonomy":"category","embeddable":true,"href":"https:\/\/www.europesays.com\/de\/wp-json\/wp\/v2\/categories?post=1059734"},{"taxonomy":"post_tag","embeddable":true,"href":"https:\/\/www.europesays.com\/de\/wp-json\/wp\/v2\/tags?post=1059734"}],"curies":[{"name":"wp","href":"https:\/\/api.w.org\/{rel}","templated":true}]}}