{"id":1059770,"date":"2026-05-31T15:45:49","date_gmt":"2026-05-31T15:45:49","guid":{"rendered":"https:\/\/www.europesays.com\/de\/1059770\/"},"modified":"2026-05-31T15:45:49","modified_gmt":"2026-05-31T15:45:49","slug":"ronja-forcher-ueber-immer-wieder-sonntags-aus-nicht-einschneidend","status":"publish","type":"post","link":"https:\/\/www.europesays.com\/de\/1059770\/","title":{"rendered":"Ronja Forcher \u00fcber &#8222;Immer wieder sonntags&#8220;-Aus: &#8222;Nicht einschneidend&#8220;"},"content":{"rendered":"<p>&#8222;Immer wieder sonntags&#8220;-Aus <\/p>\n<p>Ronja Forcher: &#8222;Beruflich f\u00fcr mich nicht einschneidend&#8220;<\/p>\n<p>31.05.2026 &#8211; 16:22 UhrLesedauer: 2 Min.<\/p>\n<p><a href=\"#focus-0\" class=\"transition-colors duration-200 block text-current relative\" data-sctrack=\"FocusGalleryImage.Reference\"><img fetchpriority=\"high\" data-testid=\"Opener.Image\"   loading=\"eager\" src=\"https:\/\/www.europesays.com\/de\/wp-content\/uploads\/2026\/05\/stefan-mross-und-ronja-forcher-die-beiden-arbeiten-bei-immer-wieder-sonntags-zusammen.jpg\" alt=\"Stefan Mross und Ronja Forcher: Die beiden arbeiten bei &quot;Immer wieder sonntags&quot; zusammen.\" title=\"Stefan Mross und Ronja Forcher: Die beiden arbeiten bei &quot;Immer wieder sonntags&quot; zusammen.\" width=\"2456\" height=\"1381\" class=\"bg-[url:var(--lqipURL)] bg-cover bg-center flex h-full w-full max-w-full\" style=\"--lqipURL:url('https:\/\/images.t-online.de\/2026\/05\/gbUhG3r25cnO\/1093x371:2456x1381\/fit-in\/150x0\/filters:blur(25)\/stefan-mross-und-ronja-forcher-die-beiden-arbeiten-bei-immer-wieder-sonntags-zusammen.jpg')\" decoding=\"async\"\/><img loading=\"lazy\" src=\"https:\/\/www.t-online.de\/s\/paper\/_next\/static\/media\/zoom-in.f7dae02f.svg\" alt=\"Vergr\u00f6\u00dfern des Bildes\" title=\"Vergr\u00f6\u00dfern des Bildes\" class=\"block h-[calc(var(--height)_\/_16_*_1rem)] w-[calc(var(--width)_\/_16_*_1rem)] max-w-none absolute bottom-8 right-8 rounded-4 bg-snow p-8\" style=\"--width:32;--height:32\" decoding=\"async\"\/><\/a><\/p>\n<p>Stefan Mross und Ronja Forcher: Die beiden arbeiten bei &#8222;Immer wieder sonntags&#8220; zusammen. (Quelle: IMAGO \/ pictureteam)<\/p>\n<p><img loading=\"lazy\" src=\"https:\/\/www.t-online.de\/s\/paper\/_next\/static\/media\/audio-volume.6689034c.svg\" alt=\"\" title=\"\" class=\"block h-[calc(var(--height)_\/_16_*_1rem)] w-[calc(var(--width)_\/_16_*_1rem)] max-w-none group-hover:brightness-0 group-hover:invert\" style=\"--width:16;--height:16\" decoding=\"async\"\/>Vorlesen<\/p>\n<p>Aktuelle Zeit:0:00Gesamtdauer:0:00<\/p>\n<p>1x<\/p>\n<p class=\"text-center\">Jetzt neu bei t-online:<\/p>\n<p class=\"text-center\">Schriftgr\u00f6\u00dfe anpassen!<\/p>\n<p><img loading=\"lazy\" src=\"https:\/\/www.t-online.de\/s\/paper\/_next\/static\/media\/font-sizes.32942e33.svg\" alt=\"\" title=\"\" class=\"block h-[calc(var(--height)_\/_16_*_1rem)] w-[calc(var(--width)_\/_16_*_1rem)] max-w-none group-hover:hidden group-aria-expanded:hidden\" style=\"--width:16;--height:16\" decoding=\"async\"\/><img loading=\"lazy\" src=\"https:\/\/www.t-online.de\/s\/paper\/_next\/static\/media\/font-sizes-dark-mode.e382645c.svg\" alt=\"\" title=\"\" class=\"block h-[calc(var(--height)_\/_16_*_1rem)] w-[calc(var(--width)_\/_16_*_1rem)] max-w-none hidden group-hover:block group-aria-expanded:block\" style=\"--width:16;--height:16\" decoding=\"async\"\/><img loading=\"lazy\" src=\"https:\/\/www.t-online.de\/s\/paper\/_next\/static\/media\/sharing-menu-icon.1eb71368.svg\" alt=\"\" title=\"\" class=\"block h-[calc(var(--height)_\/_16_*_1rem)] w-[calc(var(--width)_\/_16_*_1rem)] max-w-none group-hover:brightness-0 group-hover:invert\" style=\"--width:16;--height:16\" decoding=\"async\"\/>Artikel teilen<\/p>\n<p class=\"font-bold text-18 leading-17 user-text-lg:text-22 user-text-xl:text-24\">Die letzte Saison von &#8222;Immer wieder sonntags&#8220; ist eingel\u00e4utet. Ronja Forcher erkl\u00e4rt, weshalb sie das Ende der ARD-Show zwar bedauert, f\u00fcr sich selbst aber keine gravierenden Folgen erwartet.<\/p>\n<p class=\"text-18 leading-17 user-text-lg:text-22 user-text-xl:text-24\">An diesem Sonntag, dem 31. Mai 2026, begr\u00fc\u00dfte <a class=\"transition-colors duration-200 cursor-pointer text-inherit no-underline text-salemsfur md:hover:text-magenta md:hover:border-magenta md:focus:text-magenta border-current border-b border-solid break-words\" data-tracking=\"{&quot;action&quot;:&quot;click&quot;,&quot;category&quot;:&quot;intextLink&quot;,&quot;label&quot;:&quot;\/themen\/stefan-mross\/&quot;}\" href=\"https:\/\/www.t-online.de\/themen\/stefan-mross\/\" data-sctrack=\"BodyAnchor\" rel=\"nofollow noopener\" target=\"_blank\">Stefan Mross<\/a> das Publikum zum Auftakt der letzten Saison von &#8222;Immer wieder sonntags&#8220;. Bereits Mitte M\u00e4rz war bekannt geworden, dass die von ihm moderierte Schlagersendung nach 2026 eingestellt wird. &#8222;Bergdoktor&#8220;-Star <a class=\"transition-colors duration-200 cursor-pointer text-inherit no-underline text-salemsfur md:hover:text-magenta md:hover:border-magenta md:focus:text-magenta border-current border-b border-solid break-words\" data-tracking=\"{&quot;action&quot;:&quot;click&quot;,&quot;category&quot;:&quot;intextLink&quot;,&quot;label&quot;:&quot;\/themen\/ronja-forcher\/&quot;}\" href=\"https:\/\/www.t-online.de\/themen\/ronja-forcher\/\" data-sctrack=\"BodyAnchor\" rel=\"nofollow noopener\" target=\"_blank\">Ronja Forcher<\/a> geh\u00f6rt seit 2024 als Au\u00dfenreporterin zum Team. Jetzt hat sie sich zum anstehenden Aus der Unterhaltungssendung ge\u00e4u\u00dfert.<\/p>\n<p class=\"text-18 leading-17 user-text-lg:text-22 user-text-xl:text-24\">Die 29-J\u00e4hrige sagte zur &#8222;Abendzeitung M\u00fcnchen&#8220;: &#8222;Ich finde es traurig, dass diese Sendung nun ins letzte Jahr geht und denke dabei besonders an das liebe Team (&#8230;) und nat\u00fcrlich an Stefan.&#8220;<\/p>\n<p>&#8222;Beruflich f\u00fcr mich nicht einschneidend&#8220;<\/p>\n<p class=\"text-18 leading-17 user-text-lg:text-22 user-text-xl:text-24\">Gastgeber Stefan Mross wei\u00df derzeit offenbar noch nicht genau, wie es nach den noch anstehenden zw\u00f6lf Folgen von &#8222;Immer wieder sonntags&#8220; beruflich f\u00fcr ihn weitergehen soll. F\u00fcr Ronja Forcher habe das Aus aber keine Konsequenzen. &#8222;Zum Gl\u00fcck \u2013 und das wei\u00df ich extrem zu sch\u00e4tzen \u2013 habe ich mich in den letzten Jahren so breit aufgestellt und darf so vielf\u00e4ltig arbeiten, dass das beruflich f\u00fcr mich nicht einschneidend ist&#8220;, sagte sie.<\/p>\n<p><img loading=\"lazy\" src=\"https:\/\/www.t-online.de\/s\/paper\/_next\/static\/media\/video-carousel-play.6f25714b.svg\" alt=\"\" title=\"\" class=\"block h-[calc(var(--height)_\/_16_*_1rem)] w-[calc(var(--width)_\/_16_*_1rem)] max-w-none undefined\" style=\"--height:12\" decoding=\"async\"\/><\/p>\n<p class=\"text-18 leading-17 user-text-lg:text-22 user-text-xl:text-24\">Ronja Forcher ist insbesondere als Schauspielerin erfolgreich, aber auch als S\u00e4ngerin. An diesem Sonntag pr\u00e4sentierte sie bei &#8222;Immer wieder sonntags&#8220; ihre neue Single &#8222;Herzensmensch&#8220;.<\/p>\n<p class=\"text-18 leading-17 user-text-lg:text-22 user-text-xl:text-24\">Dennoch verbindet Forcher viele positive Erinnerungen mit der Sendung. Einen Abschied ohne Wehmut k\u00f6nne sie sich deshalb nicht vorstellen. Sie sagte, dass sie f\u00fcr ihre Zeit bei &#8222;Immer wieder sonntags&#8220; dankbar sei \u2013 &#8222;auch weil ich dort sehr viele liebe Menschen kennengelernt habe&#8220;.<\/p>\n","protected":false},"excerpt":{"rendered":"&#8222;Immer wieder sonntags&#8220;-Aus Ronja Forcher: &#8222;Beruflich f\u00fcr mich nicht einschneidend&#8220; 31.05.2026 &#8211; 16:22 UhrLesedauer: 2 Min. Stefan Mross&hellip;\n","protected":false},"author":2,"featured_media":1059771,"comment_status":"","ping_status":"","sticky":false,"template":"","format":"standard","meta":{"footnotes":"","_share_on_mastodon":"0"},"categories":[1776],"tags":[722,522,223,1801,29,214,30,63942,1802,127168,63941,215],"class_list":["post-1059770","post","type-post","status-publish","format-standard","has-post-thumbnail","category-prominente","tag-722","tag-522","tag-ard","tag-celebrities","tag-deutschland","tag-entertainment","tag-germany","tag-immer-wieder-sonntags","tag-prominente","tag-ronja-forcher","tag-stefan-mross","tag-unterhaltung"],"share_on_mastodon":{"url":"https:\/\/pubeurope.com\/@de\/116669969185418801","error":""},"_links":{"self":[{"href":"https:\/\/www.europesays.com\/de\/wp-json\/wp\/v2\/posts\/1059770","targetHints":{"allow":["GET"]}}],"collection":[{"href":"https:\/\/www.europesays.com\/de\/wp-json\/wp\/v2\/posts"}],"about":[{"href":"https:\/\/www.europesays.com\/de\/wp-json\/wp\/v2\/types\/post"}],"author":[{"embeddable":true,"href":"https:\/\/www.europesays.com\/de\/wp-json\/wp\/v2\/users\/2"}],"replies":[{"embeddable":true,"href":"https:\/\/www.europesays.com\/de\/wp-json\/wp\/v2\/comments?post=1059770"}],"version-history":[{"count":0,"href":"https:\/\/www.europesays.com\/de\/wp-json\/wp\/v2\/posts\/1059770\/revisions"}],"wp:featuredmedia":[{"embeddable":true,"href":"https:\/\/www.europesays.com\/de\/wp-json\/wp\/v2\/media\/1059771"}],"wp:attachment":[{"href":"https:\/\/www.europesays.com\/de\/wp-json\/wp\/v2\/media?parent=1059770"}],"wp:term":[{"taxonomy":"category","embeddable":true,"href":"https:\/\/www.europesays.com\/de\/wp-json\/wp\/v2\/categories?post=1059770"},{"taxonomy":"post_tag","embeddable":true,"href":"https:\/\/www.europesays.com\/de\/wp-json\/wp\/v2\/tags?post=1059770"}],"curies":[{"name":"wp","href":"https:\/\/api.w.org\/{rel}","templated":true}]}}